{"id":110069,"date":"2025-10-14T06:30:08","date_gmt":"2025-10-14T06:30:08","guid":{"rendered":"https:\/\/www.europesays.com\/pt\/110069\/"},"modified":"2025-10-14T06:30:08","modified_gmt":"2025-10-14T06:30:08","slug":"conselho-de-disciplina-instaura-processos-ao-fc-porto-a-villas-boas-e-a-pavlidis","status":"publish","type":"post","link":"https:\/\/www.europesays.com\/pt\/110069\/","title":{"rendered":"Conselho de Disciplina instaura processos ao FC Porto, a Villas-Boas e a Pavlidis"},"content":{"rendered":"<p>O Conselho de Disciplina (CD) da Federa\u00e7\u00e3o Portuguesa de Futebol (FPF) instaurou, esta segunda-feira, processos disciplinares \u00e0 FC Porto SAD, ao seu presidente Andr\u00e9 Villas-Boas e a Vangelis\u00a0Pavlidis.<\/p>\n<p>O avan\u00e7ado grego do Benfica est\u00e1 sob al\u00e7ada disciplinar ap\u00f3s <a href=\"https:\/\/maisfutebol.iol.pt\/fc-porto\/pavlidis\/fc-porto-queixa-contra-pavlidis-segue-para-o-conselho-de-disciplina\" rel=\"nofollow noopener\" target=\"_blank\">o FC Porto ter feito uma exposi\u00e7\u00e3o na sequ\u00eancia da cotovelada a Gabri Veiga<\/a>, nos instantes iniciais do cl\u00e1ssico do Est\u00e1dio do Drag\u00e3o, a 5 de outubro, a contar para a 8.\u00aa jornada da Liga.<\/p>\n<p>Por sua vez, Villas-Boas tem um processo ap\u00f3s ter sido alvo de <a href=\"https:\/\/maisfutebol.iol.pt\/sporting\/fc-porto\/sporting-avanca-com-participacao-disciplinar-contra-villas-boas\" rel=\"nofollow noopener\" target=\"_blank\">uma queixa do Sporting<\/a>, ap\u00f3s declara\u00e7\u00f5es do l\u00edder dos azuis e brancos, \u00e0 margem da Gala Portugal Football Globes, que, segundo os le\u00f5es, atentam contra a honra de Frederico Varandas e a reputa\u00e7\u00e3o da SAD leonina.<\/p>\n<p>Recorde-se que Villas-Boas denunciou um <a href=\"https:\/\/maisfutebol.iol.pt\/fc-porto\/classico\/villas-boas-anuncia-queixa-do-fc-porto-contra-pavlidis\" rel=\"nofollow noopener\" target=\"_blank\">encontro secreto entre Varandas e o presidente da FPF, Pedro Proen\u00e7a<\/a>, para discutir o mapeamento club\u00edstico da institui\u00e7\u00e3o.<\/p>\n<p>J\u00e1 a SAD do FC Porto tem um processo disciplinar aberto por queixa da Associa\u00e7\u00e3o Portuguesa de \u00c1rbitros de Futebol (APAF), devido \u00e0s acusa\u00e7\u00f5es ao \u00e1rbitro V\u00edtor Ferreira, no site e nas redes sociais do clube, ap\u00f3s a sua atua\u00e7\u00e3o na derrota da equipa B dos drag\u00f5es frente ao Torreense, a 5 de outubro, em jogo da 7.\u00aa jornada da II Liga.<\/p>\n","protected":false},"excerpt":{"rendered":"O Conselho de Disciplina (CD) da Federa\u00e7\u00e3o Portuguesa de Futebol (FPF) instaurou, esta segunda-feira, processos disciplinares \u00e0 FC&hellip;\n","protected":false},"author":2,"featured_media":110070,"comment_status":"","ping_status":"","sticky":false,"template":"","format":"standard","meta":{"footnotes":""},"categories":[87],"tags":[51,11306,286,135,26172,282,285,36,46,7931,32,33,47,34,134,3042],"class_list":{"0":"post-110069","1":"post","2":"type-post","3":"status-publish","4":"format-standard","5":"has-post-thumbnail","7":"category-desporto","8":"tag-benfica","9":"tag-classico","10":"tag-conselho-de-disciplina","11":"tag-desporto","12":"tag-disciplina","13":"tag-fc-porto","14":"tag-fpf","15":"tag-liga","16":"tag-maisfutebol","17":"tag-pavlidis","18":"tag-portugal","19":"tag-pt","20":"tag-pura-paixao","21":"tag-sporting","22":"tag-sports","23":"tag-villas-boas"},"share_on_mastodon":{"url":"","error":""},"_links":{"self":[{"href":"https:\/\/www.europesays.com\/pt\/wp-json\/wp\/v2\/posts\/110069","targetHints":{"allow":["GET"]}}],"collection":[{"href":"https:\/\/www.europesays.com\/pt\/wp-json\/wp\/v2\/posts"}],"about":[{"href":"https:\/\/www.europesays.com\/pt\/wp-json\/wp\/v2\/types\/post"}],"author":[{"embeddable":true,"href":"https:\/\/www.europesays.com\/pt\/wp-json\/wp\/v2\/users\/2"}],"replies":[{"embeddable":true,"href":"https:\/\/www.europesays.com\/pt\/wp-json\/wp\/v2\/comments?post=110069"}],"version-history":[{"count":0,"href":"https:\/\/www.europesays.com\/pt\/wp-json\/wp\/v2\/posts\/110069\/revisions"}],"wp:featuredmedia":[{"embeddable":true,"href":"https:\/\/www.europesays.com\/pt\/wp-json\/wp\/v2\/media\/110070"}],"wp:attachment":[{"href":"https:\/\/www.europesays.com\/pt\/wp-json\/wp\/v2\/media?parent=110069"}],"wp:term":[{"taxonomy":"category","embeddable":true,"href":"https:\/\/www.europesays.com\/pt\/wp-json\/wp\/v2\/categories?post=110069"},{"taxonomy":"post_tag","embeddable":true,"href":"https:\/\/www.europesays.com\/pt\/wp-json\/wp\/v2\/tags?post=110069"}],"curies":[{"name":"wp","href":"https:\/\/api.w.org\/{rel}","templated":true}]}}