{"id":110074,"date":"2025-10-14T06:36:13","date_gmt":"2025-10-14T06:36:13","guid":{"rendered":"https:\/\/www.europesays.com\/pt\/110074\/"},"modified":"2025-10-14T06:36:13","modified_gmt":"2025-10-14T06:36:13","slug":"generais-de-andre-ventura-falharam-no-teste-autarquico","status":"publish","type":"post","link":"https:\/\/www.europesays.com\/pt\/110074\/","title":{"rendered":"Generais de Andr\u00e9 Ventura falharam no teste aut\u00e1rquico"},"content":{"rendered":"<p>O Chega passou de 19 para 137 vereadores e triplicou a vota\u00e7\u00e3o de 2021, mas venceu em apenas tr\u00eas concelhos &#8211; Albufeira, Entroncamento e S\u00e3o Vicente &#8211; e falhou o objetivo de ganhar &#8220;mais de 30 c\u00e2maras&#8221;. No teste aut\u00e1rquico, Andr\u00e9 Ventura lan\u00e7ou os principais generais e ningu\u00e9m do n\u00facleo duro do l\u00edder ganhou. Diogo Pacheco de Amorim, com 64 votos em Melga\u00e7o, foi o pior.<\/p>\n<p data-remotead-prev-elm=\"true\" data-remotead-elm-id=\"inread\">O vice-presidente da Assembleia da Rep\u00fablica e membro da Dire\u00e7\u00e3o do Chega, Diogo Pacheco de Amorim, n\u00e3o foi al\u00e9m de 1,24% na elei\u00e7\u00e3o para a C\u00e2mara de Melga\u00e7o. Teve o pior resultado entre o n\u00facleo duro de Andr\u00e9 Ventura e ficou muito abaixo da percentagem do partido a n\u00edvel nacional, que foi de 11,86%.<\/p>\n<p>Acesso exclusivo a assinantes<\/p>\n<p>Acesso ilimitado a conte\u00fados exclusivos<\/p>\n<p>Navega\u00e7\u00e3o sem publicidade intrusiva<\/p>\n<p>Vers\u00e3o digital do jornal, suplementos e revistas<\/p>\n","protected":false},"excerpt":{"rendered":"O Chega passou de 19 para 137 vereadores e triplicou a vota\u00e7\u00e3o de 2021, mas venceu em apenas&hellip;\n","protected":false},"author":2,"featured_media":110075,"comment_status":"","ping_status":"","sticky":false,"template":"","format":"standard","meta":{"footnotes":""},"categories":[10],"tags":[27,28,1736,17593,15,16,14,25,26,21,22,619,12,13,19,20,32,23,24,33,17,18,29,30,31],"class_list":{"0":"post-110074","1":"post","2":"type-post","3":"status-publish","4":"format-standard","5":"has-post-thumbnail","7":"category-portugal","8":"tag-breaking-news","9":"tag-breakingnews","10":"tag-chega","11":"tag-eleicoes-autarquicas","12":"tag-featured-news","13":"tag-featurednews","14":"tag-headlines","15":"tag-latest-news","16":"tag-latestnews","17":"tag-main-news","18":"tag-mainnews","19":"tag-nacional","20":"tag-news","21":"tag-noticias","22":"tag-noticias-principais","23":"tag-noticiasprincipais","24":"tag-portugal","25":"tag-principais-noticias","26":"tag-principaisnoticias","27":"tag-pt","28":"tag-top-stories","29":"tag-topstories","30":"tag-ultimas","31":"tag-ultimas-noticias","32":"tag-ultimasnoticias"},"share_on_mastodon":{"url":"","error":""},"_links":{"self":[{"href":"https:\/\/www.europesays.com\/pt\/wp-json\/wp\/v2\/posts\/110074","targetHints":{"allow":["GET"]}}],"collection":[{"href":"https:\/\/www.europesays.com\/pt\/wp-json\/wp\/v2\/posts"}],"about":[{"href":"https:\/\/www.europesays.com\/pt\/wp-json\/wp\/v2\/types\/post"}],"author":[{"embeddable":true,"href":"https:\/\/www.europesays.com\/pt\/wp-json\/wp\/v2\/users\/2"}],"replies":[{"embeddable":true,"href":"https:\/\/www.europesays.com\/pt\/wp-json\/wp\/v2\/comments?post=110074"}],"version-history":[{"count":0,"href":"https:\/\/www.europesays.com\/pt\/wp-json\/wp\/v2\/posts\/110074\/revisions"}],"wp:featuredmedia":[{"embeddable":true,"href":"https:\/\/www.europesays.com\/pt\/wp-json\/wp\/v2\/media\/110075"}],"wp:attachment":[{"href":"https:\/\/www.europesays.com\/pt\/wp-json\/wp\/v2\/media?parent=110074"}],"wp:term":[{"taxonomy":"category","embeddable":true,"href":"https:\/\/www.europesays.com\/pt\/wp-json\/wp\/v2\/categories?post=110074"},{"taxonomy":"post_tag","embeddable":true,"href":"https:\/\/www.europesays.com\/pt\/wp-json\/wp\/v2\/tags?post=110074"}],"curies":[{"name":"wp","href":"https:\/\/api.w.org\/{rel}","templated":true}]}}