{"id":110078,"date":"2025-10-14T06:38:21","date_gmt":"2025-10-14T06:38:21","guid":{"rendered":"https:\/\/www.europesays.com\/pt\/110078\/"},"modified":"2025-10-14T06:38:21","modified_gmt":"2025-10-14T06:38:21","slug":"david-henrie-o-justin-de-os-feiticeiros-de-waverly-place-explica-por-que-nao-foi-ao-casamento-de-selena-gomez-e-benny-blanco","status":"publish","type":"post","link":"https:\/\/www.europesays.com\/pt\/110078\/","title":{"rendered":"David Henrie, o Justin de &#8216;Os Feiticeiros de Waverly Place&#8217;, explica por que n\u00e3o foi ao casamento de Selena Gomez e Benny Blanco"},"content":{"rendered":"\n<p class=\" content-text__container theme-color-primary-first-letter\" data-track-category=\"Link no Texto\" data-track-links=\"\"> David Henrie, o &#8220;irm\u00e3o&#8221; de Selena Gomez em &#8220;Os Feiticeiros de Waverly Place&#8221;, e atualmente em &#8220;Os Feiticeiros Al\u00e9m de Waverly Place&#8221;, abriu o cora\u00e7\u00e3o sobre o motivo pelo qual n\u00e3o conseguiu comparecer ao casamento da amiga de longa data com o produtor Benny Blanco, que aconteceu no dia 27 de setembro, na Calif\u00f3rnia, nos Estados Unidos. <\/p>\n<ul class=\"content-unordered-list\">\n<li><strong>&#8216;Estou animada para essa nova fase&#8217;:<\/strong> <a class=\"\" href=\"https:\/\/oglobo.globo.com\/ela\/gente\/noticia\/2025\/10\/12\/selena-gomez-fala-sobre-planos-de-ter-filhos-com-benny-blanco-apos-o-casamento-estou-animada-para-essa-nova-fase.ghtml\" rel=\"nofollow noopener\" target=\"_blank\">Selena Gomez fala sobre planos de ter filhos com Benny Blanco ap\u00f3s o casamento<\/a><\/li>\n<li><strong>Leia tamb\u00e9m: <\/strong><a class=\"\" href=\"https:\/\/oglobo.globo.com\/cultura\/noticia\/2025\/10\/07\/taylor-swift-revela-bastidores-do-casamento-de-selena-gomez-e-nega-ter-citado-o-noivado-com-travis-kelce-durante-discurso.ghtml\" rel=\"nofollow noopener\" target=\"_blank\">Taylor Swift revela bastidores do casamento de Selena Gomez e nega ter citado noivado com Travis Kelce durante discurso<\/a><\/li>\n<\/ul>\n<p class=\" content-text__container \" data-track-category=\"Link no Texto\" data-track-links=\"\"> Em entrevista ao podcast Zach Sang Show, na \u00faltima quarta-feira (8), Henrie, de 36 anos, explicou que a aus\u00eancia se deu devido a um compromisso profissional fora da Calif\u00f3rnia. <\/p>\n<p class=\" content-text__container \" data-track-category=\"Link no Texto\" data-track-links=\"\"> &#8220;Infelizmente, n\u00e3o consegui ir. Eu estava em um projeto fora do estado e n\u00e3o havia como voltar a tempo. Tentei de todas as maneiras. Partiu meu cora\u00e7\u00e3o n\u00e3o estar l\u00e1&#8221;, lamentou o ator. <\/p>\n<p class=\" content-text__container \" data-track-category=\"Link no Texto\" data-track-links=\"\"> O artista contou que, antes da cerim\u00f4nia, ele e sua esposa, Maria Cahill, conversaram bastante com Selena sobre todos os detalhes do grande dia, desde o vestido at\u00e9 a organiza\u00e7\u00e3o da festa. Mesmo sem estar presente, ele conseguiu compartilhar com o casal o \u00fanico conselho que guardou de seu pr\u00f3prio casamento, em 2017. <\/p>\n<p class=\" content-text__container \" data-track-category=\"Link no Texto\" data-track-links=\"\"> &#8220;O melhor conselho que recebi antes do meu casamento foi: &#8216;Segure a m\u00e3o da sua esposa e tire um minuto para olhar ao redor do sal\u00e3o. Olhe para ele e pense: esse \u00e9 o nosso minuto.&#8217; At\u00e9 hoje, esse \u00e9 o momento que mais lembro do meu casamento&#8221;, afirmou Henrie. <\/p>\n<p>    Veja fotos do anivers\u00e1rio de 31 anos de Selena Gomez           <img decoding=\"async\" id=\"image-id-tumb-4971af13-480e-42d0-88b5-1b3ca29dfac2\" alt=\"Selena Gomez posa com Paris Hilton em anivers\u00e1rio de 31 anos \u2014 Foto: Reprodu\u00e7\u00e3o\/Instagram\" src=\"https:\/\/www.europesays.com\/pt\/wp-content\/uploads\/2025\/10\/selena3.png\" loading=\"lazy\" height=\"506\" width=\"395\" data-posicao=\"1\" role=\"button\" tabindex=\"0\"\/>    <img decoding=\"async\" id=\"image-id-4971af13-480e-42d0-88b5-1b3ca29dfac2\" class=\"gallery-photo\" alt=\"Selena Gomez posa com Paris Hilton em anivers\u00e1rio de 31 anos \u2014 Foto: Reprodu\u00e7\u00e3o\/Instagram\" src=\"https:\/\/www.europesays.com\/pt\/wp-content\/uploads\/2025\/10\/1760423893_485_selena3.png\" loading=\"lazy\" height=\"506\" width=\"395\"\/>  <\/p>\n<p> 1 de 12 <br \/>&#13;Selena Gomez posa com Paris Hilton em anivers\u00e1rio de 31 anos \u2014 Foto: Reprodu\u00e7\u00e3o\/Instagram <\/p>\n<p>     <img decoding=\"async\" id=\"image-id-tumb-52fe8c8a-df39-4cc9-8fc1-a6b1e4a97a38\" alt=\"Selena Gomez sopra velas de anivers\u00e1rio durante festa \u2014 Foto: Reprodu\u00e7\u00e3o\/Instagram\" src=\"https:\/\/www.europesays.com\/pt\/wp-content\/uploads\/2025\/10\/selena5.png\" loading=\"lazy\" height=\"509\" width=\"358\" data-posicao=\"2\" role=\"button\" tabindex=\"0\"\/>    <img decoding=\"async\" id=\"image-id-52fe8c8a-df39-4cc9-8fc1-a6b1e4a97a38\" class=\"gallery-photo\" alt=\"Selena Gomez sopra velas de anivers\u00e1rio durante festa \u2014 Foto: Reprodu\u00e7\u00e3o\/Instagram\" src=\"https:\/\/www.europesays.com\/pt\/wp-content\/uploads\/2025\/10\/1760423894_914_selena5.png\" loading=\"lazy\" height=\"509\" width=\"358\"\/>  <\/p>\n<p> 2 de 12 <br \/>&#13;Selena Gomez sopra velas de anivers\u00e1rio durante festa \u2014 Foto: Reprodu\u00e7\u00e3o\/Instagram <\/p>\n<p>     Pular    <\/p>\n<p> X de 12 <br \/>Publicidade <\/p>\n<p>      <img decoding=\"async\" id=\"image-id-tumb-636c2eaa-b24d-40f8-9cc5-69364fa5cb0d\" alt=\"Selena Gomez mostra look para festa de anivers\u00e1rio \u2014 Foto: Reprodu\u00e7\u00e3o\/Instagram\" src=\"https:\/\/www.europesays.com\/pt\/wp-content\/uploads\/2025\/10\/selena1.png\" loading=\"lazy\" height=\"534\" width=\"400\" data-posicao=\"3\" role=\"button\" tabindex=\"0\"\/>    <img decoding=\"async\" id=\"image-id-636c2eaa-b24d-40f8-9cc5-69364fa5cb0d\" class=\"gallery-photo\" alt=\"Selena Gomez mostra look para festa de anivers\u00e1rio \u2014 Foto: Reprodu\u00e7\u00e3o\/Instagram\" src=\"https:\/\/www.europesays.com\/pt\/wp-content\/uploads\/2025\/10\/1760423895_700_selena1.png\" loading=\"lazy\" height=\"534\" width=\"400\"\/>  <\/p>\n<p> 3 de 12 <br \/>&#13;Selena Gomez mostra look para festa de anivers\u00e1rio \u2014 Foto: Reprodu\u00e7\u00e3o\/Instagram <\/p>\n<p>      <img decoding=\"async\" id=\"image-id-306e331e-5190-4f46-96f0-b1d63206bc61\" class=\"gallery-photo\" alt=\"Selena Gomez posa com Christina Aguilera em anivers\u00e1rio de 31 anos \u2014 Foto: Reprodu\u00e7\u00e3o\/Instagram\" src=\"https:\/\/www.europesays.com\/pt\/wp-content\/uploads\/2025\/10\/selena-xtina.png\" loading=\"lazy\" height=\"418\" width=\"347\"\/>  <\/p>\n<p> 4 de 12 <br \/>&#13;Selena Gomez posa com Christina Aguilera em anivers\u00e1rio de 31 anos \u2014 Foto: Reprodu\u00e7\u00e3o\/Instagram <\/p>\n<p>     Pular    <\/p>\n<p> X de 12 <br \/>Publicidade <\/p>\n<p>      <img decoding=\"async\" id=\"image-id-45fdc06d-2cb9-4d69-a88c-6175127c1449\" class=\"gallery-photo\" alt=\"Selena Gomez curtiu festa de anivers\u00e1rio com amigos \u2014 Foto: Reprodu\u00e7\u00e3o\/Instagram\" src=\"https:\/\/www.europesays.com\/pt\/wp-content\/uploads\/2025\/10\/selena2.png\" loading=\"lazy\" height=\"482\" width=\"355\"\/>  <\/p>\n<p> 5 de 12 <br \/>&#13;Selena Gomez curtiu festa de anivers\u00e1rio com amigos \u2014 Foto: Reprodu\u00e7\u00e3o\/Instagram <\/p>\n<p>      <img decoding=\"async\" id=\"image-id-1bd86460-7e10-4458-8554-55b3824068e8\" class=\"gallery-photo\" alt=\"Selena Gomez curtiu festa de anivers\u00e1rio com amigos \u2014 Foto: Reprodu\u00e7\u00e3o\/Instagram\" src=\"https:\/\/www.europesays.com\/pt\/wp-content\/uploads\/2025\/10\/selena4.png\" loading=\"lazy\" height=\"466\" width=\"355\"\/>  <\/p>\n<p> 6 de 12 <br \/>&#13;Selena Gomez curtiu festa de anivers\u00e1rio com amigos \u2014 Foto: Reprodu\u00e7\u00e3o\/Instagram <\/p>\n<p>     Pular    <\/p>\n<p> X de 12 <br \/>Publicidade <\/p>\n<p>      <img decoding=\"async\" id=\"image-id-0ab73569-5a2e-4ff9-9585-b3fcebb473ed\" class=\"gallery-photo\" alt=\"Selena Gomez curtiu festa de anivers\u00e1rio com amigos \u2014 Foto: Reprodu\u00e7\u00e3o\/Instagram\" src=\"https:\/\/www.europesays.com\/pt\/wp-content\/uploads\/2025\/10\/selena6.png\" loading=\"lazy\" height=\"489\" width=\"359\"\/>  <\/p>\n<p> 7 de 12 <br \/>&#13;Selena Gomez curtiu festa de anivers\u00e1rio com amigos \u2014 Foto: Reprodu\u00e7\u00e3o\/Instagram <\/p>\n<p>      <img decoding=\"async\" id=\"image-id-75023dd5-83c6-4676-9a6c-4a89541e28b3\" class=\"gallery-photo\" alt=\"Selena Gomez curtiu festa de anivers\u00e1rio com amigos \u2014 Foto: Reprodu\u00e7\u00e3o\/Instagram\" src=\"https:\/\/www.europesays.com\/pt\/wp-content\/uploads\/2025\/10\/selena7.png\" loading=\"lazy\" height=\"505\" width=\"394\"\/>  <\/p>\n<p> 8 de 12 <br \/>&#13;Selena Gomez curtiu festa de anivers\u00e1rio com amigos \u2014 Foto: Reprodu\u00e7\u00e3o\/Instagram <\/p>\n<p>     Pular    <\/p>\n<p> X de 12 <br \/>Publicidade <\/p>\n<p>      <img decoding=\"async\" id=\"image-id-6c3304e3-bc0a-453a-82b3-b791fe006d92\" class=\"gallery-photo\" alt=\"Anivers\u00e1rio de Selena Gomez tamb\u00e9m teve sess\u00e3o do filme 'Barbie' \u2014 Foto: Reprodu\u00e7\u00e3o\/Instagram\" src=\"https:\/\/www.europesays.com\/pt\/wp-content\/uploads\/2025\/10\/selena8.png\" loading=\"lazy\" height=\"418\" width=\"316\"\/>  <\/p>\n<p> 9 de 12 <br \/>&#13;Anivers\u00e1rio de Selena Gomez tamb\u00e9m teve sess\u00e3o do filme &#8216;Barbie&#8217; \u2014 Foto: Reprodu\u00e7\u00e3o\/Instagram <\/p>\n<p>      <img decoding=\"async\" id=\"image-id-2e2470af-a0cb-4b12-895b-ed0d490a2b36\" class=\"gallery-photo\" alt=\"Anivers\u00e1rio de Selena Gomez tamb\u00e9m teve sess\u00e3o do filme 'Barbie' \u2014 Foto: Reprodu\u00e7\u00e3o\/Instagram\" src=\"https:\/\/www.europesays.com\/pt\/wp-content\/uploads\/2025\/10\/selena9.png\" loading=\"lazy\" height=\"412\" width=\"310\"\/>  <\/p>\n<p> 10 de 12 <br \/>&#13;Anivers\u00e1rio de Selena Gomez tamb\u00e9m teve sess\u00e3o do filme &#8216;Barbie&#8217; \u2014 Foto: Reprodu\u00e7\u00e3o\/Instagram <\/p>\n<p>     Pular    <\/p>\n<p> X de 12 <br \/>Publicidade <\/p>\n<p>      <img decoding=\"async\" id=\"image-id-5e38af85-1194-447c-8082-0bd61184bcf9\" class=\"gallery-photo\" alt=\"Selena Gomez jantou com amigas depois de ver filme 'Barbie' \u2014 Foto: Reprodu\u00e7\u00e3o\/Instagram\" src=\"https:\/\/www.europesays.com\/pt\/wp-content\/uploads\/2025\/10\/selena10.png\" loading=\"lazy\" height=\"420\" width=\"316\"\/>  <\/p>\n<p> 11 de 12 <br \/>&#13;Selena Gomez jantou com amigas depois de ver filme &#8216;Barbie&#8217; \u2014 Foto: Reprodu\u00e7\u00e3o\/Instagram <\/p>\n<p>      <img decoding=\"async\" id=\"image-id-6eb67a56-6b6b-45a6-817e-20855c202f22\" class=\"gallery-photo\" alt=\"Selena Gomez bebe drink durante jantar de anivers\u00e1rio \u2014 Foto: Reprodu\u00e7\u00e3o\/Instagram\" src=\"https:\/\/www.europesays.com\/pt\/wp-content\/uploads\/2025\/10\/selena12.png\" loading=\"lazy\" height=\"448\" width=\"347\"\/>  <\/p>\n<p> 12 de 12 <br \/>&#13;Selena Gomez bebe drink durante jantar de anivers\u00e1rio \u2014 Foto: Reprodu\u00e7\u00e3o\/Instagram <\/p>\n<p>     Pular    <\/p>\n<p> X de 12 <br \/>Publicidade <\/p>\n<p>Veja fotos do anivers\u00e1rio de 31 anos de Selena Gomez<\/p>\n<p class=\" content-text__container \" data-track-category=\"Link no Texto\" data-track-links=\"\"> &#8220;Passei essa dica para eles: apenas tire um instante para aproveitar, porque todos v\u00e3o querer falar com ela, cumprimentar, puxar para todos os lados. Espero que tenham conseguido fazer isso.&#8221; <\/p>\n<p class=\" content-text__container \" data-track-category=\"Link no Texto\" data-track-links=\"\"> Henrie ainda recordou que, enquanto Selena e Benny planejavam o casamento, ele e Maria conversaram bastante sobre a import\u00e2ncia de definir cada detalhe da cerim\u00f4nia. <\/p>\n<p class=\" content-text__container \" data-track-category=\"Link no Texto\" data-track-links=\"\"> &#8220;Hoje em dia, existem tantas formas de organizar um casamento, \u00e9 preciso saber exatamente o que voc\u00ea quer&#8221;, ressaltou <\/p>\n<ul class=\"content-unordered-list\">\n<li><strong>Relembre:<\/strong> <a class=\"\" href=\"https:\/\/oglobo.globo.com\/ela\/noticia\/2025\/03\/27\/selena-gomez-desabafa-sobre-pressao-estetica-e-criticas-nas-redes-e-o-carater-que-e-julgado.ghtml\" rel=\"nofollow noopener\" target=\"_blank\">Selena Gomez desabafa sobre press\u00e3o est\u00e9tica e cr\u00edticas nas redes: &#8216;\u00c9 o car\u00e1ter que \u00e9 julgado&#8217;<\/a><\/li>\n<\/ul>\n<p class=\" content-text__container \" data-track-category=\"Link no Texto\" data-track-links=\"\"> Segundo a revista People, apesar da aus\u00eancia de Henrie, outros colegas de elenco de &#8220;Os Feiticeiros de Waverly Place&#8221; marcaram presen\u00e7a na festa, como Maria Canals-Barrera (Theresa Russo), David DeLuise (Jerry Russo) e Jennifer Stone (Harper Finkle). Os pais da personagem de Selena participaram acompanhados de suas fam\u00edlias, enquanto Stone foi vista com amigos e colegas do Disney Channel. <\/p>\n<p class=\" content-text__container \" data-track-category=\"Link no Texto\" data-track-links=\"\"> David DeLuise publicou uma homenagem \u00e0 atriz no Instagram antes do casamento, celebrando o momento especial. <\/p>\n<p class=\" content-text__container \" data-track-category=\"Link no Texto\" data-track-links=\"\"> &#8220;Minha esposa e eu nos sentimos honrados em participar e nos divertimos muito dan\u00e7ando na festa de casamento da minha &#8216;filha de mentira&#8217;. Agora tenho um &#8216;genro de mentira&#8217;. Quando comecei a trabalhar com Selena, ela tinha apenas 14 anos. Hoje, ela \u00e9 esposa e inicia uma nova jornada ao lado de um homem maravilhoso. E quem sabe, um dia, eu serei um av\u00f4 de mentira&#8221;, escreveu o int\u00e9rprete de Jerry. <\/p>\n","protected":false},"excerpt":{"rendered":"David Henrie, o &#8220;irm\u00e3o&#8221; de Selena Gomez em &#8220;Os Feiticeiros de Waverly Place&#8221;, e atualmente em &#8220;Os Feiticeiros&hellip;\n","protected":false},"author":2,"featured_media":110079,"comment_status":"","ping_status":"","sticky":false,"template":"","format":"standard","meta":{"footnotes":""},"categories":[145],"tags":[211,210,114,115,319,32,33,318,7464],"class_list":{"0":"post-110078","1":"post","2":"type-post","3":"status-publish","4":"format-standard","5":"has-post-thumbnail","7":"category-celebridades","8":"tag-celebridades","9":"tag-celebrities","10":"tag-entertainment","11":"tag-entretenimento","12":"tag-hard-news","13":"tag-portugal","14":"tag-pt","15":"tag-radar","16":"tag-selena-gomez"},"share_on_mastodon":{"url":"","error":""},"_links":{"self":[{"href":"https:\/\/www.europesays.com\/pt\/wp-json\/wp\/v2\/posts\/110078","targetHints":{"allow":["GET"]}}],"collection":[{"href":"https:\/\/www.europesays.com\/pt\/wp-json\/wp\/v2\/posts"}],"about":[{"href":"https:\/\/www.europesays.com\/pt\/wp-json\/wp\/v2\/types\/post"}],"author":[{"embeddable":true,"href":"https:\/\/www.europesays.com\/pt\/wp-json\/wp\/v2\/users\/2"}],"replies":[{"embeddable":true,"href":"https:\/\/www.europesays.com\/pt\/wp-json\/wp\/v2\/comments?post=110078"}],"version-history":[{"count":0,"href":"https:\/\/www.europesays.com\/pt\/wp-json\/wp\/v2\/posts\/110078\/revisions"}],"wp:featuredmedia":[{"embeddable":true,"href":"https:\/\/www.europesays.com\/pt\/wp-json\/wp\/v2\/media\/110079"}],"wp:attachment":[{"href":"https:\/\/www.europesays.com\/pt\/wp-json\/wp\/v2\/media?parent=110078"}],"wp:term":[{"taxonomy":"category","embeddable":true,"href":"https:\/\/www.europesays.com\/pt\/wp-json\/wp\/v2\/categories?post=110078"},{"taxonomy":"post_tag","embeddable":true,"href":"https:\/\/www.europesays.com\/pt\/wp-json\/wp\/v2\/tags?post=110078"}],"curies":[{"name":"wp","href":"https:\/\/api.w.org\/{rel}","templated":true}]}}