{"id":110080,"date":"2025-10-14T06:44:09","date_gmt":"2025-10-14T06:44:09","guid":{"rendered":"https:\/\/www.europesays.com\/pt\/110080\/"},"modified":"2025-10-14T06:44:09","modified_gmt":"2025-10-14T06:44:09","slug":"so-precisa-de-um-pouco-mais-de-tempo","status":"publish","type":"post","link":"https:\/\/www.europesays.com\/pt\/110080\/","title":{"rendered":"\u00abS\u00f3 precisa de um pouco mais de tempo\u00bb"},"content":{"rendered":"<p>&#8211; Advertisement &#8211;<\/p>\n<p><strong>Richard R\u00edos ainda n\u00e3o se afirmou por completo no Benfica, mas Nuno Moreira acredita que o m\u00e9dio colombiano vai acabar por justificar o investimento.<\/strong><\/p>\n<p><a href=\"https:\/\/bolanarede.pt\/especial-bola-na-rede\/atualidade\/benfica-oficializa-contratacao-de-richard-rios-ao-palmeiras\/\" target=\"_blank\" rel=\"noreferrer noopener nofollow\">Richard R\u00edos chegou ao Benfica neste ver\u00e3o<\/a>, vindo do Palmeiras, por 27 milh\u00f5es de euros, mas ainda n\u00e3o conquistou totalmente os adeptos encarnados. Apesar disso, Nuno Moreira, jogador portugu\u00eas que j\u00e1 enfrentou o colombiano no futebol brasileiro, confia que o camisola 20 vai acabar por mostrar todo o seu valor.<\/p>\n<p>\u00abS\u00f3 joguei uma vez contra ele, pelo que n\u00e3o tenho uma opini\u00e3o bastante aprofundada, mas sei que \u00e9 muito intenso, com muita for\u00e7a. Quando soube que ia para\u00a0Portugal, acreditava que teria mais sucesso do que est\u00e1 a ter. Claro que n\u00e3o \u00e9 f\u00e1cil chegar a um clube como o\u00a0Benfica\u00a0e ser consensual, ou seja, dar logo nas vistas, mas acredito que ele vai melhorar, porque ainda precisa de se adaptar. A qualidade est\u00e1 l\u00e1, s\u00f3 \u00e9 preciso um pouco mais de tempo\u00bb, garantiu Nuno Moreira, em entrevista ao jornal A Bola.<\/p>\n<p><a href=\"https:\/\/bolanarede.pt\/etiqueta\/nuno-moreira\/\" target=\"_blank\" rel=\"noreferrer noopener nofollow\">Nuno Moreira<\/a> joga atualmente no Vasco da Gama e j\u00e1 leva 43 jogos, oito golos e 7 assist\u00eancias pela equipa brasileira.<\/p>\n","protected":false},"excerpt":{"rendered":"&#8211; Advertisement &#8211; Richard R\u00edos ainda n\u00e3o se afirmou por completo no Benfica, mas Nuno Moreira acredita que&hellip;\n","protected":false},"author":2,"featured_media":110081,"comment_status":"","ping_status":"","sticky":false,"template":"","format":"standard","meta":{"footnotes":""},"categories":[87],"tags":[260,51,135,10754,32,33,7182,134],"class_list":{"0":"post-110080","1":"post","2":"type-post","3":"status-publish","4":"format-standard","5":"has-post-thumbnail","7":"category-desporto","8":"tag-atualidade","9":"tag-benfica","10":"tag-desporto","11":"tag-nuno-moreira","12":"tag-portugal","13":"tag-pt","14":"tag-richard-rios","15":"tag-sports"},"share_on_mastodon":{"url":"","error":""},"_links":{"self":[{"href":"https:\/\/www.europesays.com\/pt\/wp-json\/wp\/v2\/posts\/110080","targetHints":{"allow":["GET"]}}],"collection":[{"href":"https:\/\/www.europesays.com\/pt\/wp-json\/wp\/v2\/posts"}],"about":[{"href":"https:\/\/www.europesays.com\/pt\/wp-json\/wp\/v2\/types\/post"}],"author":[{"embeddable":true,"href":"https:\/\/www.europesays.com\/pt\/wp-json\/wp\/v2\/users\/2"}],"replies":[{"embeddable":true,"href":"https:\/\/www.europesays.com\/pt\/wp-json\/wp\/v2\/comments?post=110080"}],"version-history":[{"count":0,"href":"https:\/\/www.europesays.com\/pt\/wp-json\/wp\/v2\/posts\/110080\/revisions"}],"wp:featuredmedia":[{"embeddable":true,"href":"https:\/\/www.europesays.com\/pt\/wp-json\/wp\/v2\/media\/110081"}],"wp:attachment":[{"href":"https:\/\/www.europesays.com\/pt\/wp-json\/wp\/v2\/media?parent=110080"}],"wp:term":[{"taxonomy":"category","embeddable":true,"href":"https:\/\/www.europesays.com\/pt\/wp-json\/wp\/v2\/categories?post=110080"},{"taxonomy":"post_tag","embeddable":true,"href":"https:\/\/www.europesays.com\/pt\/wp-json\/wp\/v2\/tags?post=110080"}],"curies":[{"name":"wp","href":"https:\/\/api.w.org\/{rel}","templated":true}]}}