{"id":110082,"date":"2025-10-14T06:45:12","date_gmt":"2025-10-14T06:45:12","guid":{"rendered":"https:\/\/www.europesays.com\/pt\/110082\/"},"modified":"2025-10-14T06:45:12","modified_gmt":"2025-10-14T06:45:12","slug":"psicodelicos-na-saude-mental-o-que-a-ciencia-ja-sabe-noticias-r7","status":"publish","type":"post","link":"https:\/\/www.europesays.com\/pt\/110082\/","title":{"rendered":"Psicod\u00e9licos na sa\u00fade mental, o que a ci\u00eancia j\u00e1 sabe \u2013 Noticias R7"},"content":{"rendered":"<p><img decoding=\"async\" data-chromatic=\"ignore\" alt=\"\" class=\"c-image\" loading=\"lazy\" src=\"https:\/\/www.europesays.com\/pt\/wp-content\/uploads\/2025\/10\/BNA5VEZSUNGY3G7EVFXCJG5A5Y.png\"  width=\"1536\" height=\"1024\"\/>Psicod\u00e9licos na sa\u00fade mental, evid\u00eancias atuais <\/p>\n<p class=\"jarvics:base-text-neutral-high-400 base-text-[calc(theme(fontSize.xs)_*_var(--font-size,_1))] base-font-normal base-font-primary base-text-neutral-low-500 base-text-left\">Apesar dos avan\u00e7os da psicofarmacologia, muitos pacientes ainda n\u00e3o encontram al\u00edvio completo com os tratamentos convencionais. O estudo STAR*D, o maior j\u00e1 realizado sobre depress\u00e3o maior, mostrou que cerca de 25% alcan\u00e7am remiss\u00e3o com o primeiro antidepressivo, e aproximadamente 30% n\u00e3o respondem a nenhuma medica\u00e7\u00e3o mesmo ap\u00f3s m\u00faltiplas tentativas.<\/p>\n<p class=\"jarvics:base-text-neutral-high-400 base-text-[calc(theme(fontSize.xs)_*_var(--font-size,_1))] base-font-normal base-font-primary base-text-neutral-low-500 base-text-left\">Esses dados exp\u00f5em um limite do modelo biom\u00e9dico, o sofrimento humano n\u00e3o se reduz a desequil\u00edbrios neuroqu\u00edmicos. A ci\u00eancia contempor\u00e2nea reconhece, cada vez mais, a import\u00e2ncia da espiritualidade para a sa\u00fade mental. Pesquisas de Harold Koenig e da Organiza\u00e7\u00e3o Mundial da Sa\u00fade indicam associa\u00e7\u00e3o entre viv\u00eancia espiritual e menores \u00edndices de depress\u00e3o, ansiedade e suic\u00eddio, al\u00e9m de maior bem-estar, resili\u00eancia e sentido de vida.<\/p>\n<p class=\"jarvics:base-text-neutral-high-400 base-text-[calc(theme(fontSize.xs)_*_var(--font-size,_1))] base-font-normal base-font-primary base-text-neutral-low-500 base-text-left\">Vivemos, por\u00e9m, um tempo em que a busca de sentido muitas vezes se confunde com a de est\u00edmulos externos, comida, \u00e1lcool, redes sociais, rela\u00e7\u00f5es, tentativas de preencher um vazio que \u00e9 da alma. A verdadeira busca \u00e9 para dentro. Na jornada interior encontramos o que nutre, o centro, o eixo, o sagrado que habita em n\u00f3s.<\/p>\n<p class=\"jarvics:base-text-neutral-high-400 base-text-[calc(theme(fontSize.xs)_*_var(--font-size,_1))] base-font-normal base-font-primary base-text-neutral-low-500 base-text-left\">Nesse contexto, os psicod\u00e9licos, ou ente\u00f3genos, ressurgem como poss\u00edveis ferramentas terap\u00eauticas. O termo vem do grego entheos genesthai, despertar o deus dentro. Subst\u00e2ncias como psilocibina, ayahuasca e MDMA, em contextos cl\u00ednicos seguros, t\u00eam mostrado efeitos antidepressivos e ansiol\u00edticos, al\u00e9m de favorecer experi\u00eancias de transcend\u00eancia e reconex\u00e3o consigo mesmo e com o sagrado.<\/p>\n<p class=\"jarvics:base-text-neutral-high-400 base-text-[calc(theme(fontSize.xs)_*_var(--font-size,_1))] base-font-normal base-font-primary base-text-neutral-low-500 base-text-left\">No Brasil, esses tratamentos n\u00e3o s\u00e3o regulamentados pela Anvisa e permanecem restritos a contextos religiosos ou de pesquisa. Em outros pa\u00edses h\u00e1 caminhos regulat\u00f3rios em implanta\u00e7\u00e3o ou j\u00e1 estabelecidos, com protocolos supervisionados, como na Austr\u00e1lia, com prescri\u00e7\u00e3o de psilocibina e MDMA por psiquiatras em indica\u00e7\u00f5es espec\u00edficas, no Canad\u00e1, com acesso por programas especiais em casos selecionados, na Nova Zel\u00e2ndia e na Su\u00ed\u00e7a, com aprova\u00e7\u00f5es sob supervis\u00e3o m\u00e9dica, e nos Estados Unidos, em modelos estaduais como os de Oregon e Colorado para uso terap\u00eautico em ambientes controlados.<\/p>\n<p class=\"jarvics:base-text-neutral-high-400 base-text-[calc(theme(fontSize.xs)_*_var(--font-size,_1))] base-font-normal base-font-primary base-text-neutral-low-500 base-text-left\">Mais do que alterar percep\u00e7\u00f5es, os ente\u00f3genos ampliam a consci\u00eancia, e estudos cl\u00ednicos e qualitativos apontam que podem ajudar o indiv\u00edduo a reencontrar prop\u00f3sito, pertencimento e sentido. Em uma perspectiva junguiana, falamos do numinoso, a dimens\u00e3o do mist\u00e9rio, do fasc\u00ednio e da rever\u00eancia que algumas pessoas relatam como conex\u00e3o com algo maior, trata-se de uma interpreta\u00e7\u00e3o te\u00f3rica e de experi\u00eancias individuais, n\u00e3o de uma posi\u00e7\u00e3o institucional do ve\u00edculo.<\/p>\n<p class=\"jarvics:base-text-neutral-high-400 base-text-[calc(theme(fontSize.xs)_*_var(--font-size,_1))] base-font-normal base-font-primary base-text-neutral-low-500 base-text-left\">O desafio da psiquiatria contempor\u00e2nea talvez seja integrar qu\u00edmica e esp\u00edrito, ci\u00eancia e mito, raz\u00e3o e sagrado. Cuidar n\u00e3o \u00e9 apenas silenciar sintomas, \u00e9 reconciliar o ser com o sentido da vida, abrir espa\u00e7o para transforma\u00e7\u00e3o, autoconhecimento e plenitude interior.<\/p>\n<p><img decoding=\"async\" data-chromatic=\"ignore\" alt=\"\" class=\"c-image\" loading=\"lazy\" src=\"https:\/\/www.europesays.com\/pt\/wp-content\/uploads\/2025\/10\/AEG6AUIOPFE5DPRU7TXJ4J337Y.png\"  width=\"460\" height=\"479\"\/>Francine Nunes Ferreira \u00e9 m\u00e9dica psiquiatra, CRM 148.090, formada pela Faculdade de Medicina do ABC, com resid\u00eancia em Psiquiatria pela EPM-UNIFESP e t\u00edtulo de especialista pela Universidade Federal de S\u00e3o Paulo. Atua como m\u00e9dica colaboradora no ambulat\u00f3rio de Transtorno de Personalidade Borderline do PROVE da UNIFESP, dedicado a atendimento e pesquisa em viol\u00eancia, e \u00e9 analista junguiana em forma\u00e7\u00e3o pelo Instituto Junguiano de S\u00e3o Paulo, filiado \u00e0 International Association for Analytical Psychology, em Zurique. <\/p>\n<p class=\"jarvics:base-text-neutral-high-400 base-text-[calc(theme(fontSize.xs)_*_var(--font-size,_1))] base-font-normal base-font-primary base-text-neutral-low-500 base-text-left\">Ao mesmo tempo, vale lembrar que, independentemente do medicamento, mesmo quando vem de plantas, o uso requer cuidado, orienta\u00e7\u00e3o qualificada e contexto seguro. A hist\u00f3ria da medicina mostra que o natural pode ser potente para o bem e para o mal, a papoula deu origem \u00e0 morfina e \u00e0 code\u00edna para dor, a casca de salgueiro inspirou o \u00e1cido acetilsalic\u00edlico, a dedaleira rendeu a digoxina para o cora\u00e7\u00e3o, a quina trouxe a quinina contra a mal\u00e1ria, a beladona forneceu a atropina usada at\u00e9 hoje em emerg\u00eancias, o curare originou bloqueadores musculares em anestesia. Esses exemplos lembram um ponto simples, pot\u00eancia terap\u00eautica anda junto com riscos, dose, pureza, intera\u00e7\u00f5es e indica\u00e7\u00e3o cl\u00ednica importam. Com psicod\u00e9licos n\u00e3o \u00e9 diferente, \u00e9 preciso avalia\u00e7\u00e3o m\u00e9dica, checagem de contraindica\u00e7\u00f5es, acompanhamento profissional e um plano terap\u00eautico que respeite a pessoa por inteiro.<\/p>\n<p class=\"jarvics:base-text-neutral-high-400 base-text-[calc(theme(fontSize.xs)_*_var(--font-size,_1))] base-font-normal base-font-primary base-text-neutral-low-500 base-text-left\"><b>Nota editorial<\/b>, este texto tem car\u00e1ter informativo e reflete abordagens cl\u00ednicas e te\u00f3ricas discutidas na literatura, n\u00e3o constitui endosso institucional a pr\u00e1ticas religiosas, espirituais ou terap\u00eauticas.<\/p>\n<p class=\"jarvics:base-text-neutral-high-400 base-text-[calc(theme(fontSize.xs)_*_var(--font-size,_1))] base-font-normal base-font-primary base-text-neutral-low-500 base-text-left\">\u2705<b>Fique por dentro das principais not\u00edcias do dia no Brasil e no mundo. <\/b><a href=\"https:\/\/whatsapp.com\/channel\/0029Va6eEELGZNCyryabmO1m\" rel=\"nofollow noopener\" target=\"_blank\"><b>Siga o canal do R7<\/b><\/a><b>, o portal de not\u00edcias da Record, no WhatsApp<\/b><\/p>\n","protected":false},"excerpt":{"rendered":"Psicod\u00e9licos na sa\u00fade mental, evid\u00eancias atuais Apesar dos avan\u00e7os da psicofarmacologia, muitos pacientes ainda n\u00e3o encontram al\u00edvio completo&hellip;\n","protected":false},"author":2,"featured_media":4680,"comment_status":"","ping_status":"","sticky":false,"template":"","format":"standard","meta":{"footnotes":""},"categories":[86],"tags":[116,32,33,4475,117],"class_list":{"0":"post-110082","1":"post","2":"type-post","3":"status-publish","4":"format-standard","5":"has-post-thumbnail","7":"category-saude","8":"tag-health","9":"tag-portugal","10":"tag-pt","11":"tag-qualidade-de-vida","12":"tag-saude"},"share_on_mastodon":{"url":"","error":""},"_links":{"self":[{"href":"https:\/\/www.europesays.com\/pt\/wp-json\/wp\/v2\/posts\/110082","targetHints":{"allow":["GET"]}}],"collection":[{"href":"https:\/\/www.europesays.com\/pt\/wp-json\/wp\/v2\/posts"}],"about":[{"href":"https:\/\/www.europesays.com\/pt\/wp-json\/wp\/v2\/types\/post"}],"author":[{"embeddable":true,"href":"https:\/\/www.europesays.com\/pt\/wp-json\/wp\/v2\/users\/2"}],"replies":[{"embeddable":true,"href":"https:\/\/www.europesays.com\/pt\/wp-json\/wp\/v2\/comments?post=110082"}],"version-history":[{"count":0,"href":"https:\/\/www.europesays.com\/pt\/wp-json\/wp\/v2\/posts\/110082\/revisions"}],"wp:featuredmedia":[{"embeddable":true,"href":"https:\/\/www.europesays.com\/pt\/wp-json\/wp\/v2\/media\/4680"}],"wp:attachment":[{"href":"https:\/\/www.europesays.com\/pt\/wp-json\/wp\/v2\/media?parent=110082"}],"wp:term":[{"taxonomy":"category","embeddable":true,"href":"https:\/\/www.europesays.com\/pt\/wp-json\/wp\/v2\/categories?post=110082"},{"taxonomy":"post_tag","embeddable":true,"href":"https:\/\/www.europesays.com\/pt\/wp-json\/wp\/v2\/tags?post=110082"}],"curies":[{"name":"wp","href":"https:\/\/api.w.org\/{rel}","templated":true}]}}