{"id":110085,"date":"2025-10-14T06:52:15","date_gmt":"2025-10-14T06:52:15","guid":{"rendered":"https:\/\/www.europesays.com\/pt\/110085\/"},"modified":"2025-10-14T06:52:15","modified_gmt":"2025-10-14T06:52:15","slug":"ariana-grande-victoria-justice-e-mais-5-celebridades-que-passaram-pela-nickelodeon","status":"publish","type":"post","link":"https:\/\/www.europesays.com\/pt\/110085\/","title":{"rendered":"Ariana Grande, Victoria Justice e mais: 5 celebridades que passaram pela Nickelodeon"},"content":{"rendered":"<p>No \u00faltimo final de semana, a <a href=\"https:\/\/www.paramount.com\/\" target=\"_blank\" rel=\"noopener nofollow\">Paramount<\/a> anunciou que a <a href=\"https:\/\/www.instagram.com\/nickelodeonemportugues\/\" target=\"_blank\" rel=\"noopener nofollow\">Nickelodeon<\/a> ser\u00e1 oficialmente encerrada no Brasil em 31 de dezembro de 2025. Segundo informa\u00e7\u00f5es repercutidas pela Rolling Stone Brasil, a decis\u00e3o teria sido tomada como parte da estrat\u00e9gia mundial da empresa para 2026, devido ao baixo n\u00famero de anunciantes pagos somado aos baixos \u00edndices de assinantes no canal.<\/p>\n<p>O renomado canal infanto-juvenil est\u00e1 no ar em territ\u00f3rio brasileiro desde dezembro de 1996, e foi respons\u00e1vel por marcar a inf\u00e2ncia e adolesc\u00eancia de milhares de jovens, chegando at\u00e9 mesmo ao top 10 de canais mais assistidos da TV por assinatura na d\u00e9cada de 2010.<\/p>\n<p>Entre as produ\u00e7\u00f5es mais famosas do canal, est\u00e3o t\u00edtulos como \u201cBob Esponja\u201d, \u201cRugrats\u201d, \u201cCatDog\u201d, \u201cKenan &amp; Kel\u201d, \u201cDrake &amp; Josh\u201d, \u201ciCarly\u201d, \u201cZoey 101\u201d, \u201cManual de Sobreviv\u00eancia Escolar do Ned\u201d, \u201cBrilhante Vict\u00f3ria\u201d, \u201cBig Time Rush\u201d, entre outras.<\/p>\n<p>Foi por meio desses e outros seriados que diferentes celebridades realizaram seus primeiros trabalhos, ainda bem jovens. Pensando nisso, a RECREIO separou uma lista com 5 astros que j\u00e1 passaram pela Nickelodeon e que voc\u00ea precisa relembrar. Confira!<\/p>\n<p>\t 1. Emma Roberts <img loading=\"lazy\" decoding=\"async\" class=\"size-full wp-image-54779 img-fluid lazy\" alt=\"\" width=\"1920\" height=\"1080\" src=\"https:\/\/www.europesays.com\/pt\/wp-content\/uploads\/2025\/10\/Emma-Roberts-normal-demais.jpg\"  \/>Emma Roberts em \u2018Normal Demais\u2019 \u2013 Reprodu\u00e7\u00e3o\/Nickelodeon <\/p>\n<p>Estrela de t\u00edtulos como \u201cAmerican Horror Story\u201d, \u201cScream Queens\u201d e \u201cP\u00e2nico 4\u201d, a carreira de <strong>Emma Roberts<\/strong> deslanchou quando ela protagonizou a <a href=\"https:\/\/recreio.com.br\/tags\/series\" target=\"_blank\" rel=\"noopener nofollow\">s\u00e9rie<\/a> \u201cNormal Demais\u201d, de 2004, que se tornou uma das mais assistidas pelas crian\u00e7as dos Estados Unidos na \u00e9poca, com dura\u00e7\u00e3o de tr\u00eas temporadas. O papel tamb\u00e9m marcou a estreia da atriz na televis\u00e3o.<\/p>\n<p>  2. Eiza Gonz\u00e1lez <img loading=\"lazy\" decoding=\"async\" class=\"size-full wp-image-54777 img-fluid lazy\" alt=\"\" width=\"1280\" height=\"720\" src=\"https:\/\/www.europesays.com\/pt\/wp-content\/uploads\/2025\/10\/eiza-gonzalez-suena-conmigo-capa.jpg\"  \/>Imagem promocional de \u2018Sue\u00f1a Conmigo\u2019 \u2013 Divulga\u00e7\u00e3o\/Nickelodeon <\/p>\n<p>Hoje conhecida por seus pap\u00e9is em \u201cEm Ritmo de Fuga\u201d, \u201cGodzilla vs. Kong\u201d e \u201cO Problema dos 3 Corpos\u201d, a atriz mexicana <a href=\"https:\/\/pt.wikipedia.org\/wiki\/Eiza_Gonz%C3%A1lez\" target=\"_blank\" rel=\"noopener nofollow\"><strong>Eiza Gonz\u00e1lez<\/strong> <\/a>foi protagonista da s\u00e9rie \u201cSue\u00f1a Conmigo\u201d, da Nickelodeon da Am\u00e9rica Latina, onde viveu Clara Molina, uma jovem que, para realizar seu sonho de viver da m\u00fasica e participar de um reality show musical sem que seu pai saiba, cria a diva pop Roxy Pop, seu novo alter ego.<\/p>\n<p>  3. Jamie Lynn Spears <img loading=\"lazy\" decoding=\"async\" class=\"size-full wp-image-36000 img-fluid lazy\" alt=\"\" width=\"1280\" height=\"720\" src=\"https:\/\/www.europesays.com\/pt\/wp-content\/uploads\/2025\/10\/zoey-jamie-lynn-spears-capa.jpg\"\/>Jamie Lynn Spears como Zoey em \u2018Zoey 101\u2019 \u2013 Reprodu\u00e7\u00e3o\/Nickelodeon <\/p>\n<p>Irm\u00e3 mais nova da diva pop <strong>Britney Spears<\/strong>, <strong>Jamie Lynn Spears<\/strong> fez sua estreia na televis\u00e3o por meio do seriado \u201cAll That\u201d, da Nick, onde esteve presente na s\u00e9tima temporada no ano de 2002. Em 2004, ganhou sua pr\u00f3pria s\u00e9rie, que se tornou um dos maiores sucessos do canal nos anos 2000: \u201cZoey 101\u201d, com dura\u00e7\u00e3o de quatro temporadas.<\/p>\n<p>  4. Victoria Justice <img loading=\"lazy\" decoding=\"async\" class=\"size-full wp-image-33466 img-fluid lazy\" alt=\"Victoria Justice em 'Brilhante Victoria'\" width=\"1280\" height=\"720\" src=\"https:\/\/www.europesays.com\/pt\/wp-content\/uploads\/2025\/10\/victoria-justice-victorious-capa.jpg\"\/>Victoria Justice em \u2018Brilhante Victoria\u2019 \u2013 Reprodu\u00e7\u00e3o\/Nickelodeon <\/p>\n<p>Sendo uma das grandes promessas dos anos 2000, <strong>Victoria Justice<\/strong> estreou na Nickelodeon em \u201cZoey 101\u201d, ingressando no elenco a partir da segunda temporada no final de 2005 para dar vida \u00e0 Lola Martinez, colega de quarto da protagonista Zoey Brooks (<strong>Jamie Lynn Spears<\/strong>). Em 2010, ganhou sua pr\u00f3pria s\u00e9rie, \u201cBrilhante Vict\u00f3ria\u201d, onde viveu a personagem principal Tori Vega.<\/p>\n<p>\t  5. Ariana Grande <img loading=\"lazy\" decoding=\"async\" class=\"size-full wp-image-54775 img-fluid lazy\" alt=\"\" width=\"1920\" height=\"1080\" src=\"https:\/\/www.europesays.com\/pt\/wp-content\/uploads\/2025\/10\/ariana-grande-brilhante-victoria.jpg\"  \/>Ariana Grande em \u2018Brilhante Victoria\u2019 \u2013 Reprodu\u00e7\u00e3o\/Nickelodeon <\/p>\n<p>Um dos maiores nomes que j\u00e1 passaram pela Nickelodeon \u00e9 <strong>Ariana Grande<\/strong>, atriz e diva pop mundialmente conhecida. No canal, a artista estreou em \u201cBrilhante Vict\u00f3ria\u201d, onde viveu Cat Valentine, a atrapalhada amiga de Tori Veja (Victoria Justice). Em 2013, tamb\u00e9m ganhou sua pr\u00f3pria s\u00e9rie, \u201cSam&amp;Cat\u201d, onde dividia o protagonismo com <strong>Jennette McCurdy<\/strong>, int\u00e9rprete de Sam Puckett em \u201ciCarly\u201d, onde ambas reviveram suas renomadas personagens. A produ\u00e7\u00e3o, no entanto, teve dura\u00e7\u00e3o de apenas uma temporada.<\/p>\n<p>        <a href=\"https:\/\/recreio.com.br\/noticias\/author\/daniela-bazi\" rel=\"nofollow noopener\" target=\"_blank\">&#13;<br \/>\n          <img alt=\"Daniela Bazi\" src=\"https:\/\/www.europesays.com\/pt\/wp-content\/uploads\/2025\/10\/1760424735_385_701cc86240953f42e068ecf8a0bb18dadb05bc88d7e776f8edb20aaea33b4eea\"  class=\"avatar avatar-115 photo rounded-circle mr-3\" height=\"115\" width=\"115\" loading=\"lazy\" decoding=\"async\"\/>        <\/a><\/p>\n<p>Daniela Bazi \u00e9 jornalista graduada pela UNINOVE, e bruxa formada na Escola de Magia e Bruxaria de Hogwarts. Amante de anima\u00e7\u00f5es, filmes e s\u00e9ries, tamb\u00e9m \u00e9 f\u00e3 de divas pop, entusiasta da Disney e k-popper nas horas vagas.<\/p>\n<p>\t                                            <script async src=\"\/\/www.instagram.com\/embed.js\"><\/script><\/p>\n","protected":false},"excerpt":{"rendered":"No \u00faltimo final de semana, a Paramount anunciou que a Nickelodeon ser\u00e1 oficialmente encerrada no Brasil em 31&hellip;\n","protected":false},"author":2,"featured_media":110086,"comment_status":"","ping_status":"","sticky":false,"template":"","format":"standard","meta":{"footnotes":""},"categories":[145],"tags":[1940,211,210,25622,26173,114,115,26174,13728,32,33,941,26175],"class_list":{"0":"post-110085","1":"post","2":"type-post","3":"status-publish","4":"format-standard","5":"has-post-thumbnail","7":"category-celebridades","8":"tag-ariana-grande","9":"tag-celebridades","10":"tag-celebrities","11":"tag-eiza-gonzalez","12":"tag-emma-roberts","13":"tag-entertainment","14":"tag-entretenimento","15":"tag-jamie-lynn-spears","16":"tag-nickelodeon","17":"tag-portugal","18":"tag-pt","19":"tag-series","20":"tag-victoria-justice"},"share_on_mastodon":{"url":"","error":""},"_links":{"self":[{"href":"https:\/\/www.europesays.com\/pt\/wp-json\/wp\/v2\/posts\/110085","targetHints":{"allow":["GET"]}}],"collection":[{"href":"https:\/\/www.europesays.com\/pt\/wp-json\/wp\/v2\/posts"}],"about":[{"href":"https:\/\/www.europesays.com\/pt\/wp-json\/wp\/v2\/types\/post"}],"author":[{"embeddable":true,"href":"https:\/\/www.europesays.com\/pt\/wp-json\/wp\/v2\/users\/2"}],"replies":[{"embeddable":true,"href":"https:\/\/www.europesays.com\/pt\/wp-json\/wp\/v2\/comments?post=110085"}],"version-history":[{"count":0,"href":"https:\/\/www.europesays.com\/pt\/wp-json\/wp\/v2\/posts\/110085\/revisions"}],"wp:featuredmedia":[{"embeddable":true,"href":"https:\/\/www.europesays.com\/pt\/wp-json\/wp\/v2\/media\/110086"}],"wp:attachment":[{"href":"https:\/\/www.europesays.com\/pt\/wp-json\/wp\/v2\/media?parent=110085"}],"wp:term":[{"taxonomy":"category","embeddable":true,"href":"https:\/\/www.europesays.com\/pt\/wp-json\/wp\/v2\/categories?post=110085"},{"taxonomy":"post_tag","embeddable":true,"href":"https:\/\/www.europesays.com\/pt\/wp-json\/wp\/v2\/tags?post=110085"}],"curies":[{"name":"wp","href":"https:\/\/api.w.org\/{rel}","templated":true}]}}