{"id":110087,"date":"2025-10-14T06:58:13","date_gmt":"2025-10-14T06:58:13","guid":{"rendered":"https:\/\/www.europesays.com\/pt\/110087\/"},"modified":"2025-10-14T06:58:13","modified_gmt":"2025-10-14T06:58:13","slug":"goncalo-inacio-tambem-nao-defronta-hungria","status":"publish","type":"post","link":"https:\/\/www.europesays.com\/pt\/110087\/","title":{"rendered":"Gon\u00e7alo In\u00e1cio tamb\u00e9m n\u00e3o defronta Hungria"},"content":{"rendered":"<p>                    Numa nota publicada no seu site oficial, o organismo explicou que o defesa central foi dado como inapto pelo Dire\u00e7\u00e3o de Sa\u00fade e Performance e, por isso, acabou por ser dispensado pelo selecionador Roberto Mart\u00ednez.<\/p>\n<p>O treinador espanhol fica, assim, com apenas 23 jogadores dispon\u00edveis para ao duelo com os magiares, pois Rafael Le\u00e3o j\u00e1 tinha sido dispensado no domingo.<\/p>\n<p>No s\u00e1bado, em Alvalade, Gon\u00e7alo In\u00e1cio foi titular no triunfo por 1-0 sobre a Irlanda, em encontro da terceira jornada do Grupo F de apuramento para o pr\u00f3ximo Campeonato do Mundo, mas acabou por ser rendido ao intervalo, por Renato Veiga.<\/p>\n<p>A sele\u00e7\u00e3o portuguesa faz hoje o \u00faltimo treino antes da rece\u00e7\u00e3o \u00e0 Hungria, com uma sess\u00e3o agendada para as 17:00, na Cidade do Futebol, em Oeiras, e, como habitualmente, os primeiros 15 minutos s\u00e3o abertos \u00e0 comunica\u00e7\u00e3o social.<\/p>\n<p>Antes do treino, \u00e0s 16:00, o selecionador Roberto Mart\u00ednez e um jogador ainda a designar ir\u00e3o falar aos jornalistas na confer\u00eancia de imprensa de antevis\u00e3o do duelo com os h\u00fangaros.<\/p>\n<p>No s\u00e1bado, a equipa das \u2018quinas\u2019 bateu a Irlanda com um golo de R\u00faben Neves j\u00e1 nos descontos, aos 90+1 minutos, o primeiro de sempre do m\u00e9dio pela sele\u00e7\u00e3o nacional, no dia em que completou 60 internacionaliza\u00e7\u00f5es \u2018AA\u2019.<\/p>\n<p>O Portugal-Hungria est\u00e1 agendado para as 19:45 de ter\u00e7a-feira, no Est\u00e1dio Jos\u00e9 Alvalade, em Lisboa, e ter\u00e1 arbitragem do s\u00e9rvio Srdjan Jovanovic.<\/p>\n<p>A sele\u00e7\u00e3o lusa lidera o Grupo F com nove pontos, mais cinco do que a Hungria, agora segunda classificada, seguido da Arm\u00e9nia, com tr\u00eas, e da Irlanda, que tem apenas um.<\/p>\n<p>Um triunfo sobre a Hungria e um empate ou derrota da Arm\u00e9nia na Irlanda garante a Portugal a nona presen\u00e7a na fase final de um Campeonato do Mundo, s\u00e9tima seguida.<\/p>\n<p>O vencedor do grupo assegura automaticamente um lugar no torneio que se vai disputar no pr\u00f3ximo ano nos Estados Unidos, no Canad\u00e1 e no M\u00e9xico, e que pela primeira vez vai ter 48 sele\u00e7\u00f5es. J\u00e1 o segundo colocado ter\u00e1 de disputar os play-offs de apuramento.<\/p>\n<p>Lista dos 23 convocados:<\/p>\n<p>&#8211; Guarda-redes: Diogo Costa (FC Porto), Rui Silva (Sporting) e Jos\u00e9 S\u00e1 (Wolverhampton, Ing).<\/p>\n<p>&#8211; Defesas: Diogo Dalot (Manchester United, Ing), Nelson Semedo (Fenerbah\u00e7e, Tur), Nuno Mendes (Paris Saint-Germain, Fra), R\u00faben Dias (Manchester City, Ing), Ant\u00f3nio Silva (Benfica), Renato Veiga (Villarreal, Esp) e Nuno Tavares (Lazio, Ita).<\/p>\n<p>&#8211; M\u00e9dios: Jo\u00e3o Palhinha (Tottenham, Ing), R\u00faben Neves (Al Hilal, Ara), Matheus Nunes (Manchester City, Ing), Vitinha (Paris Saint-Germain, Fra), Bruno Fernandes (Manchester United, Ing), Pedro Gon\u00e7alves (Sporting) e Bernardo Silva (Manchester City, Ing).<\/p>\n<p>&#8211; Avan\u00e7ados: Jo\u00e3o F\u00e9lix (Al Nassr, Ara), Francisco Trinc\u00e3o (Sporting), Francisco Concei\u00e7\u00e3o (Juventus, Ita), Pedro Neto (Chelsea, Ing), Gon\u00e7alo Ramos (Paris Saint-Germain, Fra) e Cristiano Ronaldo (Al Nassr, Ara).<br \/>&#13;<\/p>\n","protected":false},"excerpt":{"rendered":"Numa nota publicada no seu site oficial, o organismo explicou que o defesa central foi dado como inapto&hellip;\n","protected":false},"author":2,"featured_media":110088,"comment_status":"","ping_status":"","sticky":false,"template":"","format":"standard","meta":{"footnotes":""},"categories":[87],"tags":[135,13,32,33,420,421,134],"class_list":{"0":"post-110087","1":"post","2":"type-post","3":"status-publish","4":"format-standard","5":"has-post-thumbnail","7":"category-desporto","8":"tag-desporto","9":"tag-noticias","10":"tag-portugal","11":"tag-pt","12":"tag-rtp","13":"tag-rtp-noticias","14":"tag-sports"},"share_on_mastodon":{"url":"","error":""},"_links":{"self":[{"href":"https:\/\/www.europesays.com\/pt\/wp-json\/wp\/v2\/posts\/110087","targetHints":{"allow":["GET"]}}],"collection":[{"href":"https:\/\/www.europesays.com\/pt\/wp-json\/wp\/v2\/posts"}],"about":[{"href":"https:\/\/www.europesays.com\/pt\/wp-json\/wp\/v2\/types\/post"}],"author":[{"embeddable":true,"href":"https:\/\/www.europesays.com\/pt\/wp-json\/wp\/v2\/users\/2"}],"replies":[{"embeddable":true,"href":"https:\/\/www.europesays.com\/pt\/wp-json\/wp\/v2\/comments?post=110087"}],"version-history":[{"count":0,"href":"https:\/\/www.europesays.com\/pt\/wp-json\/wp\/v2\/posts\/110087\/revisions"}],"wp:featuredmedia":[{"embeddable":true,"href":"https:\/\/www.europesays.com\/pt\/wp-json\/wp\/v2\/media\/110088"}],"wp:attachment":[{"href":"https:\/\/www.europesays.com\/pt\/wp-json\/wp\/v2\/media?parent=110087"}],"wp:term":[{"taxonomy":"category","embeddable":true,"href":"https:\/\/www.europesays.com\/pt\/wp-json\/wp\/v2\/categories?post=110087"},{"taxonomy":"post_tag","embeddable":true,"href":"https:\/\/www.europesays.com\/pt\/wp-json\/wp\/v2\/tags?post=110087"}],"curies":[{"name":"wp","href":"https:\/\/api.w.org\/{rel}","templated":true}]}}