{"id":110093,"date":"2025-10-14T07:06:10","date_gmt":"2025-10-14T07:06:10","guid":{"rendered":"https:\/\/www.europesays.com\/pt\/110093\/"},"modified":"2025-10-14T07:06:10","modified_gmt":"2025-10-14T07:06:10","slug":"gracyanne-barbosa-mostra-recuperacao-do-joelho-e-retirada-de-pontos-14-dias-apos-a-cirurgia-video","status":"publish","type":"post","link":"https:\/\/www.europesays.com\/pt\/110093\/","title":{"rendered":"Gracyanne Barbosa mostra recupera\u00e7\u00e3o do joelho e retirada de pontos 14 dias ap\u00f3s a cirurgia; v\u00eddeo"},"content":{"rendered":"\n<p class=\" content-text__container \" data-track-category=\"Link no Texto\" data-track-links=\"\"> &#8220;Galera, passando aqui pra mostrar como est\u00e1 sendo meu p\u00f3s-cir\u00fargico. Esse \u00e9 o primeiro dia de fisioterapia, o segundo dia ap\u00f3s a cirurgia. O Rodrigo, que \u00e9 o profissional que est\u00e1 me acompanhando, pede pra eu afastar a perna, levantar, fazer for\u00e7a&#8230; e eu, claramente, n\u00e3o consigo fazer nenhum movimento. Fiquei bem frustrada nesse dia, mas, no segundo dia, pasmem, j\u00e1 consegui fazer um pouco mais de for\u00e7a e manter a perna em isometria por alguns segundos. Isso j\u00e1 me deixou muito feliz, senti que meu c\u00e9rebro estava reconectando com a musculatura&#8221;, declarou a musa fitness. <\/p>\n","protected":false},"excerpt":{"rendered":"&#8220;Galera, passando aqui pra mostrar como est\u00e1 sendo meu p\u00f3s-cir\u00fargico. Esse \u00e9 o primeiro dia de fisioterapia, o&hellip;\n","protected":false},"author":2,"featured_media":110094,"comment_status":"","ping_status":"","sticky":false,"template":"","format":"standard","meta":{"footnotes":""},"categories":[145],"tags":[211,210,114,115,5735,32,33],"class_list":{"0":"post-110093","1":"post","2":"type-post","3":"status-publish","4":"format-standard","5":"has-post-thumbnail","7":"category-celebridades","8":"tag-celebridades","9":"tag-celebrities","10":"tag-entertainment","11":"tag-entretenimento","12":"tag-gracyanne-barbosa","13":"tag-portugal","14":"tag-pt"},"share_on_mastodon":{"url":"","error":""},"_links":{"self":[{"href":"https:\/\/www.europesays.com\/pt\/wp-json\/wp\/v2\/posts\/110093","targetHints":{"allow":["GET"]}}],"collection":[{"href":"https:\/\/www.europesays.com\/pt\/wp-json\/wp\/v2\/posts"}],"about":[{"href":"https:\/\/www.europesays.com\/pt\/wp-json\/wp\/v2\/types\/post"}],"author":[{"embeddable":true,"href":"https:\/\/www.europesays.com\/pt\/wp-json\/wp\/v2\/users\/2"}],"replies":[{"embeddable":true,"href":"https:\/\/www.europesays.com\/pt\/wp-json\/wp\/v2\/comments?post=110093"}],"version-history":[{"count":0,"href":"https:\/\/www.europesays.com\/pt\/wp-json\/wp\/v2\/posts\/110093\/revisions"}],"wp:featuredmedia":[{"embeddable":true,"href":"https:\/\/www.europesays.com\/pt\/wp-json\/wp\/v2\/media\/110094"}],"wp:attachment":[{"href":"https:\/\/www.europesays.com\/pt\/wp-json\/wp\/v2\/media?parent=110093"}],"wp:term":[{"taxonomy":"category","embeddable":true,"href":"https:\/\/www.europesays.com\/pt\/wp-json\/wp\/v2\/categories?post=110093"},{"taxonomy":"post_tag","embeddable":true,"href":"https:\/\/www.europesays.com\/pt\/wp-json\/wp\/v2\/tags?post=110093"}],"curies":[{"name":"wp","href":"https:\/\/api.w.org\/{rel}","templated":true}]}}