{"id":110095,"date":"2025-10-14T07:09:07","date_gmt":"2025-10-14T07:09:07","guid":{"rendered":"https:\/\/www.europesays.com\/pt\/110095\/"},"modified":"2025-10-14T07:09:07","modified_gmt":"2025-10-14T07:09:07","slug":"a-protegida-gesto-de-hector-assusta-mariana-novelas","status":"publish","type":"post","link":"https:\/\/www.europesays.com\/pt\/110095\/","title":{"rendered":"A Protegida: Gesto de Hector assusta Mariana &#8211; Novelas"},"content":{"rendered":"<p>Duarte (Gon\u00e7alo Braga) v\u00ea o v\u00eddeo de Gon\u00e7alo (Jo\u00e3o Bettencourt) e Gina (Paula Neves) e diz que ele est\u00e1 lixado. Duarte atende uma chamada da m\u00e3e, com maus modos e diz que n\u00e3o quer saber dela para nada. Duarte est\u00e1 revoltado pela m\u00e3e se ter envolvido com Gon\u00e7alo e diz que agora tamb\u00e9m vai arranjar uma mulher mais velha.<\/p>\n<p>Clarice (Fernanda Serrano) est\u00e1 a arrumar o expositor quando Duarte se aproxima e fica a olhar para ela. Clarice pergunta-lhe se quer alguma coisa para a namorada, mas Duarte diz que n\u00e3o tem namorada e que prefere mulheres mais velhas. Clarice n\u00e3o faz ideia de que ele se est\u00e1 a atirar a ela.<\/p>\n<p>Mariana (Matilde Reym\u00e3o) j\u00e1 est\u00e1 a fazer experi\u00eancias com receitas com caf\u00e9. Recebe um ramo de flores de Hector (Christian Escuredo) com um cart\u00e3o a dizer que a sua maior tristeza \u00e9 n\u00e3o ser o pai de Carlota. Mariana suspira, triste e oferece as flores \u00e0 chefe de sala.<\/p>\n<p>JD (Pedro Sousa) embala Carlota e conta-lhe uma hist\u00f3ria onde a m\u00e3e \u00e9 uma menina guerreira. JD diz que Mariana luta pelos seus sonhos, mas nunca se esquece de ajudar os outros e \u00e9 isso que est\u00e1 a fazer agora. Benedita ouve a hist\u00f3ria e fica comovida. Benedita diz que gosta muito de JD e sugere que ele v\u00e1 buscar Mariana, pois tamb\u00e9m precisa de descansar.<\/p>\n<p>Virg\u00edlio pinta um quadro, enquanto bebe. Isabel aparece e convida-o para sair. Virg\u00edlio fica surpreendido com a visita dela. Aceita o convite, mas diz que Aruna \u00e9 capaz de vir ali ter. Isabel n\u00e3o sabia que eles tinham voltado a namorar e espera que ela n\u00e3o lhe estrague os planos.<\/p>\n<p>JD veio buscar Mariana e diz que Carlota ficou em seguran\u00e7a. JD pede desculpa por a ter chateado com a hist\u00f3ria de Hector querer ir l\u00e1 para casa, mas claro que Mariana faz o que quiser, pois a casa \u00e9 sua. Mariana gosta de ver JD mais calmo e ponderado e diz que Hector n\u00e3o vai l\u00e1 para casa, porque j\u00e1 h\u00e1 gente a mais.<\/p>\n<p>Anita tenta entender-se com o filho e mostrar-lhe que n\u00e3o faz parte da vida de Mariana. Ele aproveita para contar \u00e0 m\u00e3e que fez queixas dela a Mariana e Laura, por sofrer de viol\u00eancia dom\u00e9stica. Anita fica em choque. Hector garante que o fez e que se Anita tentar tra\u00ed-lo novamente, vai \u00e0 pol\u00edcia contar que ela nunca esteve demente e que matou Manuel de forma deliberada.<\/p>\n","protected":false},"excerpt":{"rendered":"Duarte (Gon\u00e7alo Braga) v\u00ea o v\u00eddeo de Gon\u00e7alo (Jo\u00e3o Bettencourt) e Gina (Paula Neves) e diz que ele&hellip;\n","protected":false},"author":2,"featured_media":110096,"comment_status":"","ping_status":"","sticky":false,"template":"","format":"standard","meta":{"footnotes":""},"categories":[142],"tags":[160,166,114,115,157,167,164,161,158,165,159,32,33,156,163,151,162],"class_list":{"0":"post-110095","1":"post","2":"type-post","3":"status-publish","4":"format-standard","5":"has-post-thumbnail","7":"category-tv","8":"tag-ana-guiomar","9":"tag-cristina-ferreira","10":"tag-entertainment","11":"tag-entretenimento","12":"tag-festa-e-festa","13":"tag-ficcao","14":"tag-jose-fidalgo","15":"tag-novelas","16":"tag-para-sempre","17":"tag-pedro-sousa","18":"tag-pedro-teixeira","19":"tag-portugal","20":"tag-pt","21":"tag-queridos-papas","22":"tag-tiago-teotonio-pereira","23":"tag-tv","24":"tag-tvi"},"share_on_mastodon":{"url":"","error":""},"_links":{"self":[{"href":"https:\/\/www.europesays.com\/pt\/wp-json\/wp\/v2\/posts\/110095","targetHints":{"allow":["GET"]}}],"collection":[{"href":"https:\/\/www.europesays.com\/pt\/wp-json\/wp\/v2\/posts"}],"about":[{"href":"https:\/\/www.europesays.com\/pt\/wp-json\/wp\/v2\/types\/post"}],"author":[{"embeddable":true,"href":"https:\/\/www.europesays.com\/pt\/wp-json\/wp\/v2\/users\/2"}],"replies":[{"embeddable":true,"href":"https:\/\/www.europesays.com\/pt\/wp-json\/wp\/v2\/comments?post=110095"}],"version-history":[{"count":0,"href":"https:\/\/www.europesays.com\/pt\/wp-json\/wp\/v2\/posts\/110095\/revisions"}],"wp:featuredmedia":[{"embeddable":true,"href":"https:\/\/www.europesays.com\/pt\/wp-json\/wp\/v2\/media\/110096"}],"wp:attachment":[{"href":"https:\/\/www.europesays.com\/pt\/wp-json\/wp\/v2\/media?parent=110095"}],"wp:term":[{"taxonomy":"category","embeddable":true,"href":"https:\/\/www.europesays.com\/pt\/wp-json\/wp\/v2\/categories?post=110095"},{"taxonomy":"post_tag","embeddable":true,"href":"https:\/\/www.europesays.com\/pt\/wp-json\/wp\/v2\/tags?post=110095"}],"curies":[{"name":"wp","href":"https:\/\/api.w.org\/{rel}","templated":true}]}}