{"id":110105,"date":"2025-10-14T07:20:11","date_gmt":"2025-10-14T07:20:11","guid":{"rendered":"https:\/\/www.europesays.com\/pt\/110105\/"},"modified":"2025-10-14T07:20:11","modified_gmt":"2025-10-14T07:20:11","slug":"filhas-de-neymar-e-bruna-biancardi-esbanjam-fofura-com-looks-iguais-nossas-girafinhas","status":"publish","type":"post","link":"https:\/\/www.europesays.com\/pt\/110105\/","title":{"rendered":"Filhas de Neymar e Bruna Biancardi esbanjam fofura com looks iguais: &#8216;Nossas girafinhas&#8217;"},"content":{"rendered":"<p>O jogador de futebol\u00a0<a href=\"https:\/\/caras.com.br\/tags\/neymar\" rel=\"nofollow noopener\" target=\"_blank\"><strong>Neymar Jr<\/strong><\/a> encheu as redes sociais de fofura na noite desta segunda-feira, 13, ao compartilhar um clique encantador de <a href=\"https:\/\/caras.com.br\/tags\/bruna-biancardi\" rel=\"nofollow noopener\" target=\"_blank\"><strong>Bruna Biancardi<\/strong><\/a> com as filhas.<\/p>\n<p>Nos Stories, o atleta do Santos postou uma foto em que a <strong>Mavie<\/strong>, de dois anos, e <strong>Mel<\/strong>, de tr\u00eas meses, aparecem usando roupas iguais: um macac\u00e3o de girafa. As meninas aparecem no colo da mam\u00e3e e a primog\u00eanita do casal roubou a cena ao fazer uma careta.<\/p>\n<p>Ao dividir o registro encantador com os milhares de seguidores, Neymar se derreteu:\u00a0\u201cMam\u00e3e com as nossas girafinhas\u201d, escreveu o atacante, acrescentando um emoji de girafa e de cora\u00e7\u00e3o.<\/p>\n<p>Mais cedo, <a href=\"https:\/\/caras.com.br\/atualidades\/crise-bruna-biancardi-exibe-foto-de-beijao-em-neymar-jr-apos-rumores-sobre-o-casal.phtml\" rel=\"nofollow noopener\" target=\"_blank\">Bruna Biancardi colocou um ponto final nos rumores de crise no casamento com Neymar Jr<\/a> ao fazer um post discreto nas redes sociais. Ap\u00f3s surgirem rumores de que eles estariam vivendo uma fase dif\u00edcil no relacionamento, a influenciadora digital fez quest\u00e3o de mostrar uma foto dos dois trocando um beij\u00e3o.<\/p>\n<p>A famosa compartilhou em seu perfil uma sequ\u00eancia de fotos da festa de anivers\u00e1rio de dois anos de Mavie e entre os registros, Biancardi mostrou um momento de carinho com o marido, no qual eles trocaram um beijo apaixonado. A foto foi vista como uma resposta a publica\u00e7\u00e3o do Jornal Extra, que levantou questionamentos sobre uma crise no casamento deles. Segundo a publica\u00e7\u00e3o, a rela\u00e7\u00e3o ficou abalada depois que ela falou sobre o epis\u00f3dio envolvendo Virginia e que os dois passaram o final de semana longe um do outro por causa de compromissos em cidades diferentes.<\/p>\n<p><strong>Confira:\u00a0<\/strong><\/p>\n<p> <img loading=\"lazy\" decoding=\"async\" class=\"size-full wp-image-1017521 img-fluid lazy\" alt=\"Neymar mostra as filhas com roupas iguais - Foto: Instagram\" width=\"720\" height=\"1267\" src=\"https:\/\/www.europesays.com\/pt\/wp-content\/uploads\/2025\/10\/filhas-de-neymar-e-bruna-biancardi-combinando-o-look.jpeg\"  \/>Neymar mostra as filhas com roupas iguais \u2013 Foto: Instagram  <\/p>\n<p>No \u00faltimo s\u00e1bado, 11, a influenciadora Bruna Biancardi abriu seu cora\u00e7\u00e3o em suas redes sociais. Ela contou aos seus seguidores que suas filhas Mavie e Mel, frutos de seu relacionamento com Neymar Jr, <a href=\"https:\/\/caras.com.br\/atualidades\/bruna-biancardi-desabafa-sobre-filhas-ficarem-doentes-ao-mesmo-tempo.phtml\" rel=\"nofollow noopener\" target=\"_blank\">ficaram doentes ao mesmo tempo<\/a>.<\/p>\n<p>A famosa explicou que sumiu da web para cuidar das pequenas, que j\u00e1 est\u00e3o melhores no momento. \u201cEsses \u00faltimos dias foram chatinhos. Elas duas ficaram doentes, mas agora tudo bem\u201d, garantiu Biancardi em seus stories. O texto veio acompanhado de uma foto da mam\u00e3e recebendo carinhos das duas herdeiras.<\/p>\n<p><strong>Leia tamb\u00e9m:<\/strong> <a href=\"https:\/\/caras.com.br\/festas\/bruna-biancardi-revela-se-gastou-r-4-milhoes-e-pediu-baloes-importados-para-festa-de-mavie.phtml\" rel=\"nofollow noopener\" target=\"_blank\">Bruna Biancardi revela se gastou R$ 4 milh\u00f5es e pediu bal\u00f5es importados para festa de Mavie<\/a><\/p>\n<p>        <a href=\"https:\/\/caras.com.br\/autor\/daniela-santos\" rel=\"nofollow noopener\" target=\"_blank\">&#13;<br \/>\n          <img loading=\"lazy\" decoding=\"async\" alt=\"Daniela Santos\" src=\"https:\/\/www.europesays.com\/pt\/wp-content\/uploads\/2025\/09\/1758949148_187_daniela-santos_sqmd.jpg\" class=\"avatar avatar-115 photo rounded-circle\" height=\"115\" width=\"115\"\/>        <\/a><\/p>\n<p><b>Daniela Santos<\/b> \u00e9 rep\u00f3rter do site CARAS. Formada em jornalismo pela FIAM FAAM, atua na \u00e1rea de celebridades e TV desde 2018<\/p>\n","protected":false},"excerpt":{"rendered":"O jogador de futebol\u00a0Neymar Jr encheu as redes sociais de fofura na noite desta segunda-feira, 13, ao compartilhar&hellip;\n","protected":false},"author":2,"featured_media":110106,"comment_status":"","ping_status":"","sticky":false,"template":"","format":"standard","meta":{"footnotes":""},"categories":[145],"tags":[4290,211,210,114,115,3865,6658,1994,1995,6039,32,33],"class_list":{"0":"post-110105","1":"post","2":"type-post","3":"status-publish","4":"format-standard","5":"has-post-thumbnail","7":"category-celebridades","8":"tag-bruna-biancardi","9":"tag-celebridades","10":"tag-celebrities","11":"tag-entertainment","12":"tag-entretenimento","13":"tag-filhas","14":"tag-looks","15":"tag-mavie","16":"tag-mel","17":"tag-neymar-jr","18":"tag-portugal","19":"tag-pt"},"share_on_mastodon":{"url":"","error":""},"_links":{"self":[{"href":"https:\/\/www.europesays.com\/pt\/wp-json\/wp\/v2\/posts\/110105","targetHints":{"allow":["GET"]}}],"collection":[{"href":"https:\/\/www.europesays.com\/pt\/wp-json\/wp\/v2\/posts"}],"about":[{"href":"https:\/\/www.europesays.com\/pt\/wp-json\/wp\/v2\/types\/post"}],"author":[{"embeddable":true,"href":"https:\/\/www.europesays.com\/pt\/wp-json\/wp\/v2\/users\/2"}],"replies":[{"embeddable":true,"href":"https:\/\/www.europesays.com\/pt\/wp-json\/wp\/v2\/comments?post=110105"}],"version-history":[{"count":0,"href":"https:\/\/www.europesays.com\/pt\/wp-json\/wp\/v2\/posts\/110105\/revisions"}],"wp:featuredmedia":[{"embeddable":true,"href":"https:\/\/www.europesays.com\/pt\/wp-json\/wp\/v2\/media\/110106"}],"wp:attachment":[{"href":"https:\/\/www.europesays.com\/pt\/wp-json\/wp\/v2\/media?parent=110105"}],"wp:term":[{"taxonomy":"category","embeddable":true,"href":"https:\/\/www.europesays.com\/pt\/wp-json\/wp\/v2\/categories?post=110105"},{"taxonomy":"post_tag","embeddable":true,"href":"https:\/\/www.europesays.com\/pt\/wp-json\/wp\/v2\/tags?post=110105"}],"curies":[{"name":"wp","href":"https:\/\/api.w.org\/{rel}","templated":true}]}}