{"id":110119,"date":"2025-10-14T07:40:10","date_gmt":"2025-10-14T07:40:10","guid":{"rendered":"https:\/\/www.europesays.com\/pt\/110119\/"},"modified":"2025-10-14T07:40:10","modified_gmt":"2025-10-14T07:40:10","slug":"nenhum-treinador-me-explicou-por-que-e-que-eu-nao-jogava-antes-nem-mesmo-mourinho","status":"publish","type":"post","link":"https:\/\/www.europesays.com\/pt\/110119\/","title":{"rendered":"\u00abNenhum treinador me explicou por que \u00e9 que eu n\u00e3o jogava antes. Nem mesmo Mourinho\u00bb"},"content":{"rendered":"<p>&#8211; Advertisement &#8211;<\/p>\n<p>Mile Svilar falou da sua evolu\u00e7\u00e3o na AS Roma. O guardi\u00e3o s\u00e9rvio de 26 anos, que foi contratado por Jos\u00e9 Mourinho para o clube italiano em 2022, falou sobre os tempos em que foi suplente de Rui Patr\u00edcio na equipa:<\/p>\n<p>\u00abSe alguma vez desisti? N\u00e3o, nunca. Trabalhei arduamente no meu f\u00edsico e em aspetos que algu\u00e9m que joga a cada tr\u00eas dias n\u00e3o consegue abordar. Sabia que a minha oportunidade iria chegar. Quando cheguei, n\u00e3o esperava jogar. Sabia que seria o segundo guarda-redes. Mas reviver uma situa\u00e7\u00e3o como essa, mesmo com hierarquias claras, foi dif\u00edcil\u00bb, afirmou ao di\u00e1rio La Repubblica.<\/p>\n<p>Mile Svilar revelou tamb\u00e9m como \u00e9 que se processou a sua entrada na equipa titular:<\/p>\n<p>\u00abDe Rossi colocou Rui Patricio de volta na equipa titular para o primeiro jogo. Mas, algumas horas antes da partida, ele ligou-me. Convers\u00e1mos ao telefone por cinco minutos: \u201cVou colocar o Rui porque ele tem mais experi\u00eancia, mas a tua hora chegar\u00e1 em breve\u201d. Nestes casos, nunca se espera que aconte\u00e7a imediatamente, mas ele manteve a sua palavra. Nenhum treinador me explicou por que \u00e9 que eu n\u00e3o jogava antes. Nem mesmo Mourinho. Talvez o treinador de guarda-redes, mas nunca o treinador principal. Ent\u00e3o chegou Daniele [De Rossi] e tudo mudou\u00bb, atirou.<\/p>\n<p>O <a href=\"https:\/\/bolanarede.pt\/especial-bola-na-rede\/atualidade\/presenca-em-particular-pode-impossibilitar-mile-svilar-de-representar-pais-onde-nasceu\/\" target=\"_blank\" rel=\"noreferrer noopener nofollow\">guarda-redes s\u00e9rvio<\/a> de 26 anos recusou tamb\u00e9m o r\u00f3tulo de melhor guardi\u00e3o da Serie A:<\/p>\n<p>\u00abO melhor guarda-redes da Serie A? N\u00e3o gosto de pensar nisso. Um r\u00f3tulo como esse pode fazer-nos perder o foco. N\u00e3o gosto disso, mesmo quando ou\u00e7o falar de percentagens e estat\u00edsticas\u00bb.<\/p>\n","protected":false},"excerpt":{"rendered":"&#8211; Advertisement &#8211; Mile Svilar falou da sua evolu\u00e7\u00e3o na AS Roma. O guardi\u00e3o s\u00e9rvio de 26 anos,&hellip;\n","protected":false},"author":2,"featured_media":110120,"comment_status":"","ping_status":"","sticky":false,"template":"","format":"standard","meta":{"footnotes":""},"categories":[87],"tags":[4548,260,26176,135,1385,26177,32,33,2101,134],"class_list":{"0":"post-110119","1":"post","2":"type-post","3":"status-publish","4":"format-standard","5":"has-post-thumbnail","7":"category-desporto","8":"tag-as-roma","9":"tag-atualidade","10":"tag-daniele-de-rossi","11":"tag-desporto","12":"tag-jose-mourinho","13":"tag-mile-svilar","14":"tag-portugal","15":"tag-pt","16":"tag-serie-a","17":"tag-sports"},"share_on_mastodon":{"url":"","error":""},"_links":{"self":[{"href":"https:\/\/www.europesays.com\/pt\/wp-json\/wp\/v2\/posts\/110119","targetHints":{"allow":["GET"]}}],"collection":[{"href":"https:\/\/www.europesays.com\/pt\/wp-json\/wp\/v2\/posts"}],"about":[{"href":"https:\/\/www.europesays.com\/pt\/wp-json\/wp\/v2\/types\/post"}],"author":[{"embeddable":true,"href":"https:\/\/www.europesays.com\/pt\/wp-json\/wp\/v2\/users\/2"}],"replies":[{"embeddable":true,"href":"https:\/\/www.europesays.com\/pt\/wp-json\/wp\/v2\/comments?post=110119"}],"version-history":[{"count":0,"href":"https:\/\/www.europesays.com\/pt\/wp-json\/wp\/v2\/posts\/110119\/revisions"}],"wp:featuredmedia":[{"embeddable":true,"href":"https:\/\/www.europesays.com\/pt\/wp-json\/wp\/v2\/media\/110120"}],"wp:attachment":[{"href":"https:\/\/www.europesays.com\/pt\/wp-json\/wp\/v2\/media?parent=110119"}],"wp:term":[{"taxonomy":"category","embeddable":true,"href":"https:\/\/www.europesays.com\/pt\/wp-json\/wp\/v2\/categories?post=110119"},{"taxonomy":"post_tag","embeddable":true,"href":"https:\/\/www.europesays.com\/pt\/wp-json\/wp\/v2\/tags?post=110119"}],"curies":[{"name":"wp","href":"https:\/\/api.w.org\/{rel}","templated":true}]}}