{"id":110125,"date":"2025-10-14T07:46:22","date_gmt":"2025-10-14T07:46:22","guid":{"rendered":"https:\/\/www.europesays.com\/pt\/110125\/"},"modified":"2025-10-14T07:46:22","modified_gmt":"2025-10-14T07:46:22","slug":"disparo-acidental-causa-danos-em-ponta-delgada","status":"publish","type":"post","link":"https:\/\/www.europesays.com\/pt\/110125\/","title":{"rendered":"Disparo Acidental Causa Danos em Ponta Delgada"},"content":{"rendered":"<p>Um navio da Marinha fez esta segunda-feira, 13 de outubro, um disparo acidental de uma muni\u00e7\u00e3o inerte e provocou danos numa outra embarca\u00e7\u00e3o que estava atracada no porto de Ponta Delgada, nos A\u00e7ores.<\/p>\n<p>Em comunicado, a Marinha garante que n\u00e3o se registaram danos com pessoal e explica que j\u00e1 iniciou um processo de averigua\u00e7\u00f5es com vista ao apuramento das causas do sucedido. <\/p>\n<p>&#8220;Esta manh\u00e3, no porto de Ponta Delgada, nos A\u00e7ores, o NRP Viana do Castelo efetuou um disparo inopinado de uma muni\u00e7\u00e3o inerte (sem carga explosiva) da sua pe\u00e7a de artilharia de 30 mm&#8221;, informou a Marinha, explicando que o incidente ocorreu durante as verifica\u00e7\u00f5es dos sistemas de armas do navio, no \u00e2mbito dos preparativos de largada para o mar.<\/p>\n<p>&#8220;Numa avalia\u00e7\u00e3o, ainda preliminar, foram identificados alguns danos materiais no navio de tr\u00e1fego local Isabel C, atracado em frente ao NRP Viana do Castelo&#8221;, conclui.<\/p>\n","protected":false},"excerpt":{"rendered":"Um navio da Marinha fez esta segunda-feira, 13 de outubro, um disparo acidental de uma muni\u00e7\u00e3o inerte e&hellip;\n","protected":false},"author":2,"featured_media":110126,"comment_status":"","ping_status":"","sticky":false,"template":"","format":"standard","meta":{"footnotes":""},"categories":[10],"tags":[27,28,15,16,14,25,26,21,22,4490,12,13,19,20,32,23,24,33,17,18,29,30,31],"class_list":{"0":"post-110125","1":"post","2":"type-post","3":"status-publish","4":"format-standard","5":"has-post-thumbnail","7":"category-portugal","8":"tag-breaking-news","9":"tag-breakingnews","10":"tag-featured-news","11":"tag-featurednews","12":"tag-headlines","13":"tag-latest-news","14":"tag-latestnews","15":"tag-main-news","16":"tag-mainnews","17":"tag-marinha","18":"tag-news","19":"tag-noticias","20":"tag-noticias-principais","21":"tag-noticiasprincipais","22":"tag-portugal","23":"tag-principais-noticias","24":"tag-principaisnoticias","25":"tag-pt","26":"tag-top-stories","27":"tag-topstories","28":"tag-ultimas","29":"tag-ultimas-noticias","30":"tag-ultimasnoticias"},"share_on_mastodon":{"url":"","error":""},"_links":{"self":[{"href":"https:\/\/www.europesays.com\/pt\/wp-json\/wp\/v2\/posts\/110125","targetHints":{"allow":["GET"]}}],"collection":[{"href":"https:\/\/www.europesays.com\/pt\/wp-json\/wp\/v2\/posts"}],"about":[{"href":"https:\/\/www.europesays.com\/pt\/wp-json\/wp\/v2\/types\/post"}],"author":[{"embeddable":true,"href":"https:\/\/www.europesays.com\/pt\/wp-json\/wp\/v2\/users\/2"}],"replies":[{"embeddable":true,"href":"https:\/\/www.europesays.com\/pt\/wp-json\/wp\/v2\/comments?post=110125"}],"version-history":[{"count":0,"href":"https:\/\/www.europesays.com\/pt\/wp-json\/wp\/v2\/posts\/110125\/revisions"}],"wp:featuredmedia":[{"embeddable":true,"href":"https:\/\/www.europesays.com\/pt\/wp-json\/wp\/v2\/media\/110126"}],"wp:attachment":[{"href":"https:\/\/www.europesays.com\/pt\/wp-json\/wp\/v2\/media?parent=110125"}],"wp:term":[{"taxonomy":"category","embeddable":true,"href":"https:\/\/www.europesays.com\/pt\/wp-json\/wp\/v2\/categories?post=110125"},{"taxonomy":"post_tag","embeddable":true,"href":"https:\/\/www.europesays.com\/pt\/wp-json\/wp\/v2\/tags?post=110125"}],"curies":[{"name":"wp","href":"https:\/\/api.w.org\/{rel}","templated":true}]}}