{"id":110138,"date":"2025-10-14T07:59:07","date_gmt":"2025-10-14T07:59:07","guid":{"rendered":"https:\/\/www.europesays.com\/pt\/110138\/"},"modified":"2025-10-14T07:59:07","modified_gmt":"2025-10-14T07:59:07","slug":"russia-preocupada-com-potencial-envio-de-tomahawks-para-kiev-diario-de-noticias","status":"publish","type":"post","link":"https:\/\/www.europesays.com\/pt\/110138\/","title":{"rendered":"R\u00fassia preocupada com potencial envio de \u2018Tomahawks\u2019 para Kiev &#8211; Di\u00e1rio de Not\u00edcias"},"content":{"rendered":"<ol>\n<li><a href=\"https:\/\/news.google.com\/rss\/articles\/CBMilgFBVV95cUxQeF9Ia0pORzNuOTFEVk43cHl6d1VrZkoxTWtIQzVVdGRTblpyWngzRWdYWm9jU19GZUc4V1hibGVuVDd2NG1yYTdHbmZ2ZW5nSHBDRGM1d3o0V2VZOHZPWUkxNUhZcUlhbEFORGVoVWhwSVRVam1SNmx5ODdwTVRrWEo1RTZmZXNQd1dEZC1VR2lDRmNlV2c?oc=5\" target=\"_blank\" rel=\"nofollow noopener\">R\u00fassia preocupada com potencial envio de \u2018Tomahawks\u2019 para Kiev<\/a>&nbsp;&nbsp;Di\u00e1rio de Not\u00edcias<\/li>\n<li><a href=\"https:\/\/news.google.com\/rss\/articles\/CBMixAFBVV95cUxNb3Z4MWRDTjlXcnpraW1JRUJGQjRTVnlMdGFwcUFuaVdNR1hyZThXM0ZvMy0yNHJJS0pmeGxOeEoxcWtMNnJPTmwyZnVHZlloODdsbi1WX2tEeTZzaklYdXYwVFhieDJJN2VDQnI1c0RuOUlmWkllaWo5X1dES1FQaHNMSmExbTFxTDc1NjVDQ2V3dS1ZUWhwVVZ5emJvQzR0QkNxU1Z5eE9nRDRUQ0lFUTJTNl8wVVQ1aGQxbDBobXV4S3Bo?oc=5\" target=\"_blank\" rel=\"nofollow noopener\">Trump amea\u00e7a enviar m\u00edsseis Tomahawk para a Ucr\u00e2nia caso R\u00fassia n\u00e3o resolva a guerra<\/a>&nbsp;&nbsp;Estad\u00e3o<\/li>\n<li><a href=\"https:\/\/news.google.com\/rss\/articles\/CBMiwwFBVV95cUxPc2dJbF9xSmEwWU1uN3gtMlNxdDlvUHVoUTA2b1Ffd1B3OTBCS2NYRnkwbFRwNEs3NmlaQzFlRTVxSkpKaWpxZGZpbndvRjYxMkZ4b3NydjdnM25xbnVyeFU3NHJtd3Z4NkpRYUt6WVlWM3drNl8wdlNENmxHeUxpRmZUOVlhNlVicjJaUVdZa1NPdmlUa0xFSy1Td3hvRGNwUmxsU1A1YUhpWkJRZmNsZ05tSFZXQm5tTllXWW9DTndvcE0?oc=5\" target=\"_blank\" rel=\"nofollow noopener\">Trump vai concentrar-se na guerra da R\u00fassia<\/a>&nbsp;&nbsp;Euronews.com<\/li>\n<li><a href=\"https:\/\/news.google.com\/rss\/articles\/CBMi2AFBVV95cUxNeXBlQXlKaEdmUDByV0o5RGpiRzZCbG4zTkxROFUyMWxUeFpTZlJSN3A1U1B5SUpLTXVnTEMzZFUtVl9Cd0xmUlIxdzRidFYxWnIzUm5oZXo1aVNQRXpsWXRuSWNwRmdraFItOEE3UmhCRlVOMWN0ZmFYcklIMkNxa3N3MFJxdVBWdnFzamFYYnZpY2NsTGY4NzRoRWlsQlN0T3VQLXBrTnhYVkN6UlhiQUc5Qk9NazR2d1k5MFRySjBlRVhKS28xRldjQkJuZVpDemNWY2x0TUrSAecBQVVfeXFMUGgtdmxhZld3MVAwRXctcEJkeERtaWdFdXlCdER5dVZiMDd1a2IxMnBPZ253RXgyTVAzS0ZqOUg1U05NS2FUZHV3Qm1zc21QN1phZjdRQndmLXlPcFZpT3ZWOFZZTjF2SjhPcXRXNVZyZUFVVGJLWkNEV1M3bmpGUTZMRk9ER0g1MmVxX2pGQlBORzNjZGtiQUhtSzk0Q2Q2MmpUOWNRblZaSkw3X2owS2xrRlYxb1h0blUwQXVid3VKaF9WMWNFTDEyR0lKbmNzcUJxLUdCTldKYW55UDgwS2wtR2prLWVv?oc=5\" target=\"_blank\" rel=\"nofollow noopener\">Moscou expressa \u2018profunda preocupa\u00e7\u00e3o\u2019 com poss\u00edvel envio de m\u00edsseis Tomahawk dos EUA \u00e0 Ucr\u00e2nia<\/a>&nbsp;&nbsp;Valor Econ\u00f4mico<\/li>\n<li><a href=\"https:\/\/news.google.com\/rss\/articles\/CBMiuwFBVV95cUxNY1otcVI2dkhOOWdWUW0zdkxVS3l2ZGV4akY4MjhyRXJ0ZXVWWDVkSnItLXlOS3VoTHhZTTh3clplVWxiSFh5THJ4QVBHNy1OQ3Ezc3hyUVlEX29CUVJmNmV2enowNXA4LVRTa3VWLTZUVjB4NXdLbHJ3OHpUTE8yTGFqTlZGa1c3T1J0VmlXNFBYcklISml6NWFGZmZpMmptdHBQNE41NFFYNzJGWjBIZHYwTGZjYzdLcXln0gHAAUFVX3lxTE1EUXdrb096UEFuVndoTjdteGplSzFvbkkzTWtybng2dDQzR09hT1gtSHBkTEczWWRSZWMxVzZqUWthZG56eExkVFV4UFhJZ2FqRHdISTJPc0tYQzBjZEM5Z3Nwb0ZLVFhLNjJLY3k2WGVMMHl2NU9oODhkV1pnOUJJMk41V1dWVHZuMFNOY2ExMUZGN1Y0Ui1NX19lU013WEg0SEpPTVRBY0xxMGYydzEzR25zMEFQYnQyeFN1YXFVTQ?oc=5\" target=\"_blank\" rel=\"nofollow noopener\">Medvedev: envio de m\u00edsseis Tomahawks dos EUA para Ucr\u00e2nia pode acabar mal para todos<\/a>&nbsp;&nbsp;InfoMoney<\/li>\n<\/ol>\n","protected":false},"excerpt":{"rendered":"R\u00fassia preocupada com potencial envio de \u2018Tomahawks\u2019 para Kiev&nbsp;&nbsp;Di\u00e1rio de Not\u00edcias Trump amea\u00e7a enviar m\u00edsseis Tomahawk para a&hellip;\n","protected":false},"author":2,"featured_media":110139,"comment_status":"","ping_status":"","sticky":false,"template":"","format":"standard","meta":{"footnotes":""},"categories":[50],"tags":[27,28,92,306,15,16,14,25,26,21,22,62,12,13,19,20,23,24,839,17,18,840,29,30,31,2416,63,64,65],"class_list":{"0":"post-110138","1":"post","2":"type-post","3":"status-publish","4":"format-standard","5":"has-post-thumbnail","7":"category-mundo","8":"tag-breaking-news","9":"tag-breakingnews","10":"tag-donald-trump","11":"tag-edicao-impressa","12":"tag-featured-news","13":"tag-featurednews","14":"tag-headlines","15":"tag-latest-news","16":"tag-latestnews","17":"tag-main-news","18":"tag-mainnews","19":"tag-mundo","20":"tag-news","21":"tag-noticias","22":"tag-noticias-principais","23":"tag-noticiasprincipais","24":"tag-principais-noticias","25":"tag-principaisnoticias","26":"tag-russia","27":"tag-top-stories","28":"tag-topstories","29":"tag-ucrania","30":"tag-ultimas","31":"tag-ultimas-noticias","32":"tag-ultimasnoticias","33":"tag-volodymyr-zelensky","34":"tag-world","35":"tag-world-news","36":"tag-worldnews"},"share_on_mastodon":{"url":"","error":""},"_links":{"self":[{"href":"https:\/\/www.europesays.com\/pt\/wp-json\/wp\/v2\/posts\/110138","targetHints":{"allow":["GET"]}}],"collection":[{"href":"https:\/\/www.europesays.com\/pt\/wp-json\/wp\/v2\/posts"}],"about":[{"href":"https:\/\/www.europesays.com\/pt\/wp-json\/wp\/v2\/types\/post"}],"author":[{"embeddable":true,"href":"https:\/\/www.europesays.com\/pt\/wp-json\/wp\/v2\/users\/2"}],"replies":[{"embeddable":true,"href":"https:\/\/www.europesays.com\/pt\/wp-json\/wp\/v2\/comments?post=110138"}],"version-history":[{"count":0,"href":"https:\/\/www.europesays.com\/pt\/wp-json\/wp\/v2\/posts\/110138\/revisions"}],"wp:featuredmedia":[{"embeddable":true,"href":"https:\/\/www.europesays.com\/pt\/wp-json\/wp\/v2\/media\/110139"}],"wp:attachment":[{"href":"https:\/\/www.europesays.com\/pt\/wp-json\/wp\/v2\/media?parent=110138"}],"wp:term":[{"taxonomy":"category","embeddable":true,"href":"https:\/\/www.europesays.com\/pt\/wp-json\/wp\/v2\/categories?post=110138"},{"taxonomy":"post_tag","embeddable":true,"href":"https:\/\/www.europesays.com\/pt\/wp-json\/wp\/v2\/tags?post=110138"}],"curies":[{"name":"wp","href":"https:\/\/api.w.org\/{rel}","templated":true}]}}