{"id":110142,"date":"2025-10-14T08:05:21","date_gmt":"2025-10-14T08:05:21","guid":{"rendered":"https:\/\/www.europesays.com\/pt\/110142\/"},"modified":"2025-10-14T08:05:21","modified_gmt":"2025-10-14T08:05:21","slug":"as-pessoas-tem-medo-de-viver-a-experiencia","status":"publish","type":"post","link":"https:\/\/www.europesays.com\/pt\/110142\/","title":{"rendered":"\u201cAs pessoas t\u00eam medo de viver a experi\u00eancia\u201d"},"content":{"rendered":"<p>Vera e In\u00eas trocam confiss\u00f5es \u00edntimas na \u201c<a href=\"https:\/\/tvi.iol.pt\/secretstory\" rel=\"nofollow noopener\" target=\"_blank\">Casa dos Segredos<\/a>\u201d: \u201cAs pessoas t\u00eam medo de viver a experi\u00eancia\u201d, assinalou.<\/p>\n<p>Um reencontro inesperado no quarto mais vigiado do pa\u00eds<\/p>\n<p>Na noite deste s\u00e1bado, <strong>Vera e In\u00eas<\/strong> aproveitaram um momento de privacidade na <strong>\u201cCasa dos Segredos 9\u201d<\/strong>, da TVI, para uma conversa sincera sobre sentimentos, desilus\u00f5es e o ambiente dentro da casa.<br \/>As duas concorrentes, que no in\u00edcio do programa mostraram grande cumplicidade \u2014 a ponto de muitos acreditarem que poderia \u201cdar algo mais\u201d \u2014 voltaram a aproximar-se depois de algum afastamento.<\/p>\n<p>Apesar de Vera ter um namorado fora da casa, o reencontro entre ambas levantou d\u00favidas entre os colegas: seria apenas amizade\u2026 ou uma nova miss\u00e3o da produ\u00e7\u00e3o?<\/p>\n<p>\u201cAs pessoas est\u00e3o com medo, percebes? N\u00e3o querem viver a experi\u00eancia\u201d<\/p>\n<p>Durante a conversa, <strong>Vera abriu o cora\u00e7\u00e3o<\/strong> e revelou que atravessa um per\u00edodo mais introspectivo.<br \/><strong>\u201cTive daqueles dias em que estava mais fechada\u2026 pensativa em algumas coisas.\u201d<\/strong>, come\u00e7ou por desabafar, explicando o motivo do seu comportamento reservado.<\/p>\n<p>A concorrente assumiu que se sente desmotivada com o ambiente geral dentro da casa e n\u00e3o poupou cr\u00edticas aos colegas:<br \/><strong>\u201cPensei que isto ia ser muito mais ativo e eu sou uma pessoa que n\u00e3o gosta de estar parada. Quando fico parada, come\u00e7o a retirar-me. As pessoas est\u00e3o com medo, percebes? N\u00e3o querem viver a experi\u00eancia.\u201d<\/strong><\/p>\n<p>Para Vera, a falta de entrega e espontaneidade est\u00e1 a tornar o jogo previs\u00edvel e emocionalmente pesado.<\/p>\n<p>\u201cAs pessoas que vivem as coisas com intensidade acabam por ser as mais t\u00f3xicas\u201d<\/p>\n<p>Ainda durante o desabafo, Vera refletiu sobre a intensidade das rela\u00e7\u00f5es dentro da casa e o impacto que isso tem na conviv\u00eancia di\u00e1ria:<br \/><strong>\u201cAs pessoas que vivem as coisas com intensidade acabam por ser as mais t\u00f3xicas.\u201d<\/strong><\/p>\n<p>A concorrente mostrou-se dividida entre querer viver plenamente a experi\u00eancia e evitar situa\u00e7\u00f5es que possam causar sofrimento emocional.<\/p>\n<p>In\u00eas responde: \u201cVivermos tudo o que temos para viver aqui dentro, \u00e9 por isso que estamos c\u00e1\u201d<\/p>\n<p>Por sua vez, <strong>In\u00eas mostrou uma postura mais otimista e emocionalmente aberta<\/strong>, tentando motivar a colega a viver o jogo sem medo.<br \/><strong>\u201c\u00c9 complicado, mas \u00e9 poss\u00edvel.\u201d<\/strong>, come\u00e7ou por dizer, antes de acrescentar:<br \/><strong>\u201cN\u00e3o acho que seja imposs\u00edvel viver aqui dentro\u2026 Vivermos tudo o que temos para viver aqui dentro, \u00e9 por isso que estamos c\u00e1.\u201d<\/strong><\/p>\n<p>A resposta deixou Vera momentaneamente sem rea\u00e7\u00e3o.<br \/>Com um sorriso entre o desconcerto e a rendi\u00e7\u00e3o, limitou-se a responder:<br \/><strong>\u201cPerfeito, ent\u00e3o. \u00c9 s\u00f3 isso?\u201d<\/strong><\/p>\n<p><a href=\"https:\/\/news.google.com\/publications\/CAAqBwgKMKfIoAswtNK4Aw\" target=\"_blank\" rel=\"noopener noreferrer nofollow\"><img loading=\"lazy\" data-lazyloaded=\"1\" width=\"481\" height=\"161\" decoding=\"async\" src=\"\/wp-content\/uploads\/2024\/02\/GN_siganos.png\" alt=\"Siga-nos no Google News\" style=\"margin-top:20px;\"\/><\/a><\/p>\n","protected":false},"excerpt":{"rendered":"Vera e In\u00eas trocam confiss\u00f5es \u00edntimas na \u201cCasa dos Segredos\u201d: \u201cAs pessoas t\u00eam medo de viver a experi\u00eancia\u201d,&hellip;\n","protected":false},"author":2,"featured_media":110143,"comment_status":"","ping_status":"","sticky":false,"template":"","format":"standard","meta":{"footnotes":""},"categories":[142],"tags":[2632,114,115,32,33,151],"class_list":{"0":"post-110142","1":"post","2":"type-post","3":"status-publish","4":"format-standard","5":"has-post-thumbnail","7":"category-tv","8":"tag-casa-dos-segredos","9":"tag-entertainment","10":"tag-entretenimento","11":"tag-portugal","12":"tag-pt","13":"tag-tv"},"share_on_mastodon":{"url":"","error":""},"_links":{"self":[{"href":"https:\/\/www.europesays.com\/pt\/wp-json\/wp\/v2\/posts\/110142","targetHints":{"allow":["GET"]}}],"collection":[{"href":"https:\/\/www.europesays.com\/pt\/wp-json\/wp\/v2\/posts"}],"about":[{"href":"https:\/\/www.europesays.com\/pt\/wp-json\/wp\/v2\/types\/post"}],"author":[{"embeddable":true,"href":"https:\/\/www.europesays.com\/pt\/wp-json\/wp\/v2\/users\/2"}],"replies":[{"embeddable":true,"href":"https:\/\/www.europesays.com\/pt\/wp-json\/wp\/v2\/comments?post=110142"}],"version-history":[{"count":0,"href":"https:\/\/www.europesays.com\/pt\/wp-json\/wp\/v2\/posts\/110142\/revisions"}],"wp:featuredmedia":[{"embeddable":true,"href":"https:\/\/www.europesays.com\/pt\/wp-json\/wp\/v2\/media\/110143"}],"wp:attachment":[{"href":"https:\/\/www.europesays.com\/pt\/wp-json\/wp\/v2\/media?parent=110142"}],"wp:term":[{"taxonomy":"category","embeddable":true,"href":"https:\/\/www.europesays.com\/pt\/wp-json\/wp\/v2\/categories?post=110142"},{"taxonomy":"post_tag","embeddable":true,"href":"https:\/\/www.europesays.com\/pt\/wp-json\/wp\/v2\/tags?post=110142"}],"curies":[{"name":"wp","href":"https:\/\/api.w.org\/{rel}","templated":true}]}}