{"id":110156,"date":"2025-10-14T08:19:18","date_gmt":"2025-10-14T08:19:18","guid":{"rendered":"https:\/\/www.europesays.com\/pt\/110156\/"},"modified":"2025-10-14T08:19:18","modified_gmt":"2025-10-14T08:19:18","slug":"o-livro-infantil-contra-a-ideologia-de-genero","status":"publish","type":"post","link":"https:\/\/www.europesays.com\/pt\/110156\/","title":{"rendered":"O livro infantil contra a Ideologia de G\u00eanero"},"content":{"rendered":"<p>O que os deputados falaram sobre os livros<\/p>\n<p>Durante participa\u00e7\u00e3o no podcast <a href=\"https:\/\/www.youtube.com\/playlist?list=PL3yv1E7IiXyQd5_4qpqprGF8PWDP6SMiS\" rel=\"nofollow noopener\" target=\"_blank\">Conversa Paralela<\/a>, <strong>os dois parlamentares falaram sobre a necessidade de publicar uma obra do tipo<\/strong>.<\/p>\n<p>Ana Campagnolo explicou que <strong>os dois foram motivados pelas suas fam\u00edlias e vontade de causar impacto cultural<\/strong>:<\/p>\n<blockquote><p>\u201cUma das coisas que nos motivaram foi o fato de termos filhas e nos preocuparmos com a educa\u00e7\u00e3o das nossas crian\u00e7as. E pensamos tamb\u00e9m que n\u00f3s n\u00e3o conseguimos aceitar que s\u00f3 a pol\u00edtica vai resolver. Ent\u00e3o, a gente queria fazer uma contribui\u00e7\u00e3o cultural.\u201d<\/p><\/blockquote>\n<p>Nikolas complementou destacando que <strong>o livro n\u00e3o \u00e9 pol\u00edtico, apenas ressalta o que deveria ser senso comum<\/strong>:<\/p>\n<blockquote><p>\u201cN\u00e3o \u00e9 para ser um livro pol\u00edtico, n\u00e3o \u00e9 para ser um livro antiwoke. \u00c9 para ser um livro que fala coisas \u00f3bvias, porque eles n\u00e3o est\u00e3o entendendo que existem verdades. O \u00f3bvio precisa ser dito, vai que desenhando eles entendam.\u201d<\/p><\/blockquote>\n<p>Assista \u00e0 conversa com os dois parlamentares completa abaixo:<\/p>\n<p><strong>Os livros j\u00e1 est\u00e3o dispon\u00edveis no <\/strong><a href=\"https:\/\/www.editoravida.com.br\/kit-ele-e-ele-ela-e-ela.html?srsltid=AfmBOoqOrClNr7NX5zktoQfS4VnK1PCSldO_VTJyBgwjXfb7oLGKMzrp\" rel=\"nofollow noopener\" target=\"_blank\"><strong>site da editora Vida<\/strong><\/a>, o kit com as duas vers\u00f5es custa cerca de R$99.\u00a0<\/p>\n<p class=\"newsletter-article-copy\">As principais not\u00edcias e os melhores conte\u00fados da BP diariamente no seu e-mail pela manh\u00e3:<\/p>\n<p><a href=\"#cb3c658453\" class=\"newsletter-btn w-inline-block\"><\/p>\n<p>ASSINAR\u00a0NEWSLETTER<\/p>\n<p><\/a><\/p>\n","protected":false},"excerpt":{"rendered":"O que os deputados falaram sobre os livros Durante participa\u00e7\u00e3o no podcast Conversa Paralela, os dois parlamentares falaram&hellip;\n","protected":false},"author":2,"featured_media":110157,"comment_status":"","ping_status":"","sticky":false,"template":"","format":"standard","meta":{"footnotes":""},"categories":[143],"tags":[169,114,115,170,32,33],"class_list":{"0":"post-110156","1":"post","2":"type-post","3":"status-publish","4":"format-standard","5":"has-post-thumbnail","7":"category-livros","8":"tag-books","9":"tag-entertainment","10":"tag-entretenimento","11":"tag-livros","12":"tag-portugal","13":"tag-pt"},"share_on_mastodon":{"url":"","error":""},"_links":{"self":[{"href":"https:\/\/www.europesays.com\/pt\/wp-json\/wp\/v2\/posts\/110156","targetHints":{"allow":["GET"]}}],"collection":[{"href":"https:\/\/www.europesays.com\/pt\/wp-json\/wp\/v2\/posts"}],"about":[{"href":"https:\/\/www.europesays.com\/pt\/wp-json\/wp\/v2\/types\/post"}],"author":[{"embeddable":true,"href":"https:\/\/www.europesays.com\/pt\/wp-json\/wp\/v2\/users\/2"}],"replies":[{"embeddable":true,"href":"https:\/\/www.europesays.com\/pt\/wp-json\/wp\/v2\/comments?post=110156"}],"version-history":[{"count":0,"href":"https:\/\/www.europesays.com\/pt\/wp-json\/wp\/v2\/posts\/110156\/revisions"}],"wp:featuredmedia":[{"embeddable":true,"href":"https:\/\/www.europesays.com\/pt\/wp-json\/wp\/v2\/media\/110157"}],"wp:attachment":[{"href":"https:\/\/www.europesays.com\/pt\/wp-json\/wp\/v2\/media?parent=110156"}],"wp:term":[{"taxonomy":"category","embeddable":true,"href":"https:\/\/www.europesays.com\/pt\/wp-json\/wp\/v2\/categories?post=110156"},{"taxonomy":"post_tag","embeddable":true,"href":"https:\/\/www.europesays.com\/pt\/wp-json\/wp\/v2\/tags?post=110156"}],"curies":[{"name":"wp","href":"https:\/\/api.w.org\/{rel}","templated":true}]}}