{"id":110181,"date":"2025-10-14T08:54:09","date_gmt":"2025-10-14T08:54:09","guid":{"rendered":"https:\/\/www.europesays.com\/pt\/110181\/"},"modified":"2025-10-14T08:54:09","modified_gmt":"2025-10-14T08:54:09","slug":"francisco-monteiro-faz-confissao-se-a-minha-barbara-dissesse-aquilo-era-ate-ao-fim-ciumes-tvi","status":"publish","type":"post","link":"https:\/\/www.europesays.com\/pt\/110181\/","title":{"rendered":"Francisco Monteiro faz confiss\u00e3o: \u00abSe a minha B\u00e1rbara dissesse aquilo, era at\u00e9 ao fim ci\u00fames\u00bb &#8211; TVI"},"content":{"rendered":"<ol>\n<li><a href=\"https:\/\/news.google.com\/rss\/articles\/CBMi5wFBVV95cUxNNjRSbThmeE1Sb0xBc2d0eE4yaHpvbU9lc1NyWTZnaklaQkNqZmRZaFFxYWhKd2c2ZGp4VkY1Yi01RzFZTWVFdzNQU1FsNFZSbW5OOTBLVUVDUGo3c0xIUENpNDVVR2xwVzhvNVdWVGNMOHpSRWtybXJhMjRXdDhFWm5XbTlpd0dQVGd2cW13SVpMSGhPQjhhakV0NE1XdnB6T0IzWi1UN2R4ZnZIek5oU1BqOTZ4Szl3WEE4ZE5WbFo0WDZVRDZhaW53aVA2eGMwNUJhWk9tM056a0R6d21HYzRqZng1ckk?oc=5\" target=\"_blank\" rel=\"nofollow noopener\">Francisco Monteiro faz confiss\u00e3o: \u00abSe a minha B\u00e1rbara dissesse aquilo, era at\u00e9 ao fim ci\u00fames\u00bb<\/a>&nbsp;&nbsp;TVI<\/li>\n<li><a href=\"https:\/\/news.google.com\/rss\/articles\/CBMilgFBVV95cUxQXzZ0S3Y1b3dwTVlrVy1MQ1Z3NWEzWm5pemZRT3pDLXVkN3hJNDBzTU43Z2NQMmdoYmc0dURlY2pybTZ5QW9UTzcxREdCVEZoR3pUbW13N2d5bElSQVp1eFlPNGZnSHk3Z1JiMTNJR2M0VDk4WHlTOG9VcWkwTFkyRlNDN21QYmkzMFhoS1czdnYxZ0J6ZmfSAZsBQVVfeXFMTlRzNlhrWExEcnMxUzh5V0gyTm13UlUwUFdORVJ0UXdseHVoSU14azhOT1RrYUcxazA2b0FKWlB3RXd6T09kZmZVSmhGV245SlBrcDUydm1LNHlQMHM0bGRJRm1PWWdEVWM0ckdqeEk4aVZ2RDJTWlZYTWVSY0w0UC1DZmdfSkRBQ05ERzhRbnhjbUxzS1BnMUpqYlU?oc=5\" target=\"_blank\" rel=\"nofollow noopener\">Vera d\u00e1 \u201cchega para l\u00e1\u201d a Dylan e avisa: \u201cN\u00e3o gosto de pessoas obsessivas\u2026\u201d<\/a>&nbsp;&nbsp;Hiper Fm<\/li>\n<li><a href=\"https:\/\/news.google.com\/rss\/articles\/CBMi0gFBVV95cUxNOWIzVVV3WTdKM3FHVzY5ZU54RHMtcnE4ZmZha3E4TXlhaHJ1UmpjUlJqeGQ3VVBqUGlRRXpta3hSaXp5bTBzaGFNbkNSWkRPOE80VkVjQ0dnV2dSazg1WWtfTnZBUzY3QjdpSEhfYVdJeWNSZDBtQXFBZHl6YzBIYlBnQjdGS1NoNHF6Z0RjZUFfQkxIN2s0VkRKNUh0SlRYYTNUV0dKLVFMRUE0c2IwUEYtdTZNSDhjMGE5OWRYVkpHWEtvVS1NOHAybUkwY0hkV1E?oc=5\" target=\"_blank\" rel=\"nofollow noopener\">Joana foi nomeada por \u00abran\u00e7o\u00bb? Veja a conversa reveladora depois do Especial<\/a>&nbsp;&nbsp;TVI<\/li>\n<li><a href=\"https:\/\/news.google.com\/rss\/articles\/CBMiqAFBVV95cUxPLUNDWW9vV3psV2ZrdFl3OWNIbVJJQWIwNnE1MzNmNmtyZ2lsckJWVmdVZExoS05rdGJYd05Ma1c0ZS1vRUVjZmNnUlpqc1JadFZLZHFDMzZ2OXhIQnlhZFpoYW5sNGNzeVVFMTR5RG1sQUJKZ3RMcVRVNHByS0RqQ294cU9CQmtlZGtHZ1NFWXR0TnpGSzNJUXVaX0RCYnNFYlFRR1RjamQ?oc=5\" target=\"_blank\" rel=\"nofollow noopener\">Casa dos Segredos: A ferver! Dylan quase perde a cabe\u00e7a em acesa discuss\u00e3o com Pedro<\/a>&nbsp;&nbsp;TV 7 Dias<\/li>\n<li><a href=\"https:\/\/news.google.com\/rss\/articles\/CBMirwFBVV95cUxOb0FTSTN3SVRHS1l4V0VhS2NFZ3h2WDJiN2EyQ1V1TERrV1lqWUVGUkZMdHY0M1FxR2swdU56dHplVFVxbU1NMkZvTWdRNHhmdUhQaVRaZlhuUjkwTHJUZUZIX2dHX0doWXNXOUIzTF8zQXE0ODIzMjY2OURoa3dkYWp5b3NvSTBqVGo0X21OQmFNbUxDaWgzeDJ2VnQ5RU43UmRjRE54UVEyaldKVFpz?oc=5\" target=\"_blank\" rel=\"nofollow noopener\">Dylan termina rela\u00e7\u00e3o com Vera no Secret Story: \u201cAcho que \u00e9 melhor cortarmos as nossas cenas\u201d<\/a>&nbsp;&nbsp;infocul.pt<\/li>\n<\/ol>\n","protected":false},"excerpt":{"rendered":"Francisco Monteiro faz confiss\u00e3o: \u00abSe a minha B\u00e1rbara dissesse aquilo, era at\u00e9 ao fim ci\u00fames\u00bb&nbsp;&nbsp;TVI Vera d\u00e1 \u201cchega&hellip;\n","protected":false},"author":2,"featured_media":110182,"comment_status":"","ping_status":"","sticky":false,"template":"","format":"standard","meta":{"footnotes":""},"categories":[142],"tags":[19230,2151,19231,114,115,2071,19229,32,33,151],"class_list":{"0":"post-110181","1":"post","2":"type-post","3":"status-publish","4":"format-standard","5":"has-post-thumbnail","7":"category-tv","8":"tag-analises-tvi","9":"tag-barbara-parada","10":"tag-debates-casa-dos-segredos","11":"tag-entertainment","12":"tag-entretenimento","13":"tag-francisco-monteiro","14":"tag-opiniao-comentadores","15":"tag-portugal","16":"tag-pt","17":"tag-tv"},"share_on_mastodon":{"url":"","error":""},"_links":{"self":[{"href":"https:\/\/www.europesays.com\/pt\/wp-json\/wp\/v2\/posts\/110181","targetHints":{"allow":["GET"]}}],"collection":[{"href":"https:\/\/www.europesays.com\/pt\/wp-json\/wp\/v2\/posts"}],"about":[{"href":"https:\/\/www.europesays.com\/pt\/wp-json\/wp\/v2\/types\/post"}],"author":[{"embeddable":true,"href":"https:\/\/www.europesays.com\/pt\/wp-json\/wp\/v2\/users\/2"}],"replies":[{"embeddable":true,"href":"https:\/\/www.europesays.com\/pt\/wp-json\/wp\/v2\/comments?post=110181"}],"version-history":[{"count":0,"href":"https:\/\/www.europesays.com\/pt\/wp-json\/wp\/v2\/posts\/110181\/revisions"}],"wp:featuredmedia":[{"embeddable":true,"href":"https:\/\/www.europesays.com\/pt\/wp-json\/wp\/v2\/media\/110182"}],"wp:attachment":[{"href":"https:\/\/www.europesays.com\/pt\/wp-json\/wp\/v2\/media?parent=110181"}],"wp:term":[{"taxonomy":"category","embeddable":true,"href":"https:\/\/www.europesays.com\/pt\/wp-json\/wp\/v2\/categories?post=110181"},{"taxonomy":"post_tag","embeddable":true,"href":"https:\/\/www.europesays.com\/pt\/wp-json\/wp\/v2\/tags?post=110181"}],"curies":[{"name":"wp","href":"https:\/\/api.w.org\/{rel}","templated":true}]}}