{"id":110187,"date":"2025-10-14T09:02:07","date_gmt":"2025-10-14T09:02:07","guid":{"rendered":"https:\/\/www.europesays.com\/pt\/110187\/"},"modified":"2025-10-14T09:02:07","modified_gmt":"2025-10-14T09:02:07","slug":"apagaram-me-o-cabelo-trump-critica-fotografia-publicada-na-revista-time","status":"publish","type":"post","link":"https:\/\/www.europesays.com\/pt\/110187\/","title":{"rendered":"Apagaram-me o cabelo&#8221;. Trump critica fotografia publicada na revista &#8220;Time"},"content":{"rendered":"<p>A revista mostra o presidente dos Estados Unidos numa imagem captada de baixo para cima, olhando de lado e vestido como habitualmente: casaco azul, camisa branca e gravata vermelha, as cores da bandeira americana.<\/p>\n<p data-remotead-prev-elm=\"true\" data-remotead-elm-id=\"inread\">Atrav\u00e9s das redes sociais, Donald Trump disse que o artigo at\u00e9 \u00e9 &#8220;relativamente bom&#8221;, mas criticou a foto.<\/p>\n<p>A parte da frente do cabelo de Donald Trump parece esbatida por efeitos de ilumina\u00e7\u00e3o. &#8220;Apagaram-me o cabelo e puseram alguma coisa a flutuar no alto da minha cabe\u00e7a que parecia uma coroa, mas extremamente pequena. Muito estranho!&#8221;, escreveu na rede social de que \u00e9 propriet\u00e1rio.<\/p>\n<blockquote class=\"twitter-tweet\">\n<p>The living Israeli hostages held in Gaza have been freed under the first phase of Donald Trump&#8217;s peace plan, alongside a Palestinian prisoner release. The deal may become a signature achievement of Trump&#8217;s second term, and it could mark a strategic turning point for the Middle&#8230; <a href=\"https:\/\/t.co\/0bZDABIDGj\" rel=\"nofollow\">pic.twitter.com\/0bZDABIDGj<\/a><\/p>\n<p>&#8211; TIME (@TIME) <a href=\"https:\/\/twitter.com\/TIME\/status\/1977784098929385818?ref_src=twsrc%5Etfw\" rel=\"nofollow noopener\" target=\"_blank\">October 13, 2025<\/a><\/p><\/blockquote>\n<p>O l\u00edder republicano acrescentou ainda que nunca gostou de ser fotografado &#8220;de baixo para cima&#8221; e real\u00e7ou que a imagem publicada na capa da Time &#8220;\u00e9 muito m\u00e1&#8221; afirmando que talvez tenha sido intencional. &#8220;O que est\u00e3o a fazer e porqu\u00ea?&#8221;, concluiu Trump sobre a fotografia.<\/p>\n<p data-remotead-prev-elm=\"true\" data-remotead-elm-id=\"centro2\">O artigo da revista Time com o t\u00edtulo &#8220;Triunfo&#8221; elogia o papel de Donald Trump no conflito em Gaza.<\/p>\n<p>Na segunda-feira, Trump deslocou-se primeiro a Israel onde se encontrou com fam\u00edlias de ref\u00e9ns israelitas libertados e depois ao Egito onde presidiu, com o chefe de Estado do Egito, a designada Cimeira da Paz, onde foi assinado o acordo que estipula o fim da guerra que come\u00e7ou em 2023.<\/p>\n<p data-remotead-prev-elm=\"true\" data-remotead-elm-id=\"centro3\">A Time n\u00e3o respondeu \u00e0s cr\u00edticas de Donald Trump sobre a fotografia.<\/p>\n<p><script async src=\"https:\/\/platform.twitter.com\/widgets.js\" charset=\"utf-8\"><\/script><\/p>\n","protected":false},"excerpt":{"rendered":"A revista mostra o presidente dos Estados Unidos numa imagem captada de baixo para cima, olhando de lado&hellip;\n","protected":false},"author":2,"featured_media":110188,"comment_status":"","ping_status":"","sticky":false,"template":"","format":"standard","meta":{"footnotes":""},"categories":[50],"tags":[27,28,92,413,15,16,14,25,26,21,22,62,12,13,19,20,23,24,17,18,29,30,31,63,64,65],"class_list":{"0":"post-110187","1":"post","2":"type-post","3":"status-publish","4":"format-standard","5":"has-post-thumbnail","7":"category-mundo","8":"tag-breaking-news","9":"tag-breakingnews","10":"tag-donald-trump","11":"tag-eua","12":"tag-featured-news","13":"tag-featurednews","14":"tag-headlines","15":"tag-latest-news","16":"tag-latestnews","17":"tag-main-news","18":"tag-mainnews","19":"tag-mundo","20":"tag-news","21":"tag-noticias","22":"tag-noticias-principais","23":"tag-noticiasprincipais","24":"tag-principais-noticias","25":"tag-principaisnoticias","26":"tag-top-stories","27":"tag-topstories","28":"tag-ultimas","29":"tag-ultimas-noticias","30":"tag-ultimasnoticias","31":"tag-world","32":"tag-world-news","33":"tag-worldnews"},"share_on_mastodon":{"url":"","error":""},"_links":{"self":[{"href":"https:\/\/www.europesays.com\/pt\/wp-json\/wp\/v2\/posts\/110187","targetHints":{"allow":["GET"]}}],"collection":[{"href":"https:\/\/www.europesays.com\/pt\/wp-json\/wp\/v2\/posts"}],"about":[{"href":"https:\/\/www.europesays.com\/pt\/wp-json\/wp\/v2\/types\/post"}],"author":[{"embeddable":true,"href":"https:\/\/www.europesays.com\/pt\/wp-json\/wp\/v2\/users\/2"}],"replies":[{"embeddable":true,"href":"https:\/\/www.europesays.com\/pt\/wp-json\/wp\/v2\/comments?post=110187"}],"version-history":[{"count":0,"href":"https:\/\/www.europesays.com\/pt\/wp-json\/wp\/v2\/posts\/110187\/revisions"}],"wp:featuredmedia":[{"embeddable":true,"href":"https:\/\/www.europesays.com\/pt\/wp-json\/wp\/v2\/media\/110188"}],"wp:attachment":[{"href":"https:\/\/www.europesays.com\/pt\/wp-json\/wp\/v2\/media?parent=110187"}],"wp:term":[{"taxonomy":"category","embeddable":true,"href":"https:\/\/www.europesays.com\/pt\/wp-json\/wp\/v2\/categories?post=110187"},{"taxonomy":"post_tag","embeddable":true,"href":"https:\/\/www.europesays.com\/pt\/wp-json\/wp\/v2\/tags?post=110187"}],"curies":[{"name":"wp","href":"https:\/\/api.w.org\/{rel}","templated":true}]}}