{"id":110194,"date":"2025-10-14T09:08:38","date_gmt":"2025-10-14T09:08:38","guid":{"rendered":"https:\/\/www.europesays.com\/pt\/110194\/"},"modified":"2025-10-14T09:08:38","modified_gmt":"2025-10-14T09:08:38","slug":"voz-provoca-vera-a-vera-nao-podia-ter-pensado-mais-no-fabio","status":"publish","type":"post","link":"https:\/\/www.europesays.com\/pt\/110194\/","title":{"rendered":"Voz provoca Vera: \u00abA Vera n\u00e3o podia ter pensado mais no F\u00e1bio?\u00bb"},"content":{"rendered":"<p>                                            <img decoding=\"async\" src=\"https:\/\/www.europesays.com\/pt\/wp-content\/uploads\/2025\/10\/1760432918_599_320.webp\" alt=\"Cancro da mama &quot;tem, hoje em dia, uma taxa de cura de 90% quando o diagn\u00f3stico \u00e9 precoce&quot;. Mas a doe\" width=\"320\" height=\"180\" loading=\"lazy\"\/><\/p>\n<p>\t\t\t\t\t\t\t\t\t\t\t\t00:03:54<\/p>\n<p>\n\t\t\t\t\t\t\t\t\t\tDi\u00e1rio da Manh\u00e3<\/p>\n<p>\t\t\t\t\t\t\t\t\t\tCancro da mama &#8220;tem, hoje em dia, uma taxa de cura de 90% quando o diagn\u00f3stico \u00e9 precoce&#8221;. Mas a doen\u00e7a &#8220;n\u00e3o pode ser considerada cur\u00e1vel, de todo&#8221;<\/p>\n<p>\t\t\t\t\t\t\t\t\t\t\tQuinta, 9 out 2025<\/p>\n<p>\t\t\t\t\t\t\t\t\t<a href=\"https:\/\/tviplayer.iol.pt\/programa\/diario-da-manha\/53c6b2e63004dc006243aae3\/video\/68e767e80cf29d28d828cdf1\" aria-label=\"Cancro da mama &quot;tem, hoje em dia, uma taxa de cura de 90% quando o diagn\u00f3stico \u00e9 precoce&quot;. Mas a doen\u00e7a &quot;n\u00e3o pode ser considerada cur\u00e1vel, de todo&quot;\" title=\"Cancro da mama &quot;tem, hoje em dia, uma taxa de cura de 90% quando o diagn\u00f3stico \u00e9 precoce&quot;. Mas a doen\u00e7a &quot;n\u00e3o pode ser considerada cur\u00e1vel, de todo&quot;\" rel=\"nofollow noopener\" target=\"_blank\"><\/p>\n","protected":false},"excerpt":{"rendered":"00:03:54 Di\u00e1rio da Manh\u00e3 Cancro da mama &#8220;tem, hoje em dia, uma taxa de cura de 90% quando&hellip;\n","protected":false},"author":2,"featured_media":110195,"comment_status":"","ping_status":"","sticky":false,"template":"","format":"standard","meta":{"footnotes":""},"categories":[142],"tags":[114,115,19082,19016,32,33,151,11841],"class_list":{"0":"post-110194","1":"post","2":"type-post","3":"status-publish","4":"format-standard","5":"has-post-thumbnail","7":"category-tv","8":"tag-entertainment","9":"tag-entretenimento","10":"tag-fabio","11":"tag-liliana","12":"tag-portugal","13":"tag-pt","14":"tag-tv","15":"tag-vera"},"share_on_mastodon":{"url":"","error":""},"_links":{"self":[{"href":"https:\/\/www.europesays.com\/pt\/wp-json\/wp\/v2\/posts\/110194","targetHints":{"allow":["GET"]}}],"collection":[{"href":"https:\/\/www.europesays.com\/pt\/wp-json\/wp\/v2\/posts"}],"about":[{"href":"https:\/\/www.europesays.com\/pt\/wp-json\/wp\/v2\/types\/post"}],"author":[{"embeddable":true,"href":"https:\/\/www.europesays.com\/pt\/wp-json\/wp\/v2\/users\/2"}],"replies":[{"embeddable":true,"href":"https:\/\/www.europesays.com\/pt\/wp-json\/wp\/v2\/comments?post=110194"}],"version-history":[{"count":0,"href":"https:\/\/www.europesays.com\/pt\/wp-json\/wp\/v2\/posts\/110194\/revisions"}],"wp:featuredmedia":[{"embeddable":true,"href":"https:\/\/www.europesays.com\/pt\/wp-json\/wp\/v2\/media\/110195"}],"wp:attachment":[{"href":"https:\/\/www.europesays.com\/pt\/wp-json\/wp\/v2\/media?parent=110194"}],"wp:term":[{"taxonomy":"category","embeddable":true,"href":"https:\/\/www.europesays.com\/pt\/wp-json\/wp\/v2\/categories?post=110194"},{"taxonomy":"post_tag","embeddable":true,"href":"https:\/\/www.europesays.com\/pt\/wp-json\/wp\/v2\/tags?post=110194"}],"curies":[{"name":"wp","href":"https:\/\/api.w.org\/{rel}","templated":true}]}}