{"id":110225,"date":"2025-10-14T09:40:12","date_gmt":"2025-10-14T09:40:12","guid":{"rendered":"https:\/\/www.europesays.com\/pt\/110225\/"},"modified":"2025-10-14T09:40:12","modified_gmt":"2025-10-14T09:40:12","slug":"identificados-cinco-tipos-de-sono-identifica-se-com-algum","status":"publish","type":"post","link":"https:\/\/www.europesays.com\/pt\/110225\/","title":{"rendered":"Identificados cinco tipos de sono. Identifica-se com algum?"},"content":{"rendered":"<p class=\"wp-caption-text top\"><a href=\"https:\/\/www.rawpixel.com\/image\/329614\/hungover-woman\" rel=\"nofollow external noopener noreferrer\" data-wpel-link=\"external\" target=\"_blank\" class=\"ext-link\">Rawpixel<\/a><\/p>\n<p><img decoding=\"async\" loading=\"lazy\" class=\"size-kopa-image-size-3 wp-image-523275\" src=\"https:\/\/www.europesays.com\/pt\/wp-content\/uploads\/2025\/10\/5f0e03b1e19d65a9fbef6057457cb9e1-783x450.jpg\" alt=\"\" width=\"700\" height=\"402\"  \/><\/p>\n<p><strong>Os cientistas identificaram cinco perfis de sono diferentes, cada um associado a padr\u00f5es de atividade cerebral e sintomas de sa\u00fade mental espec\u00edficos.<\/strong><\/p>\n<p>Investiga\u00e7\u00f5es anteriores j\u00e1 haviam encontrado associa\u00e7\u00f5es entre o sono e a cogni\u00e7\u00e3o, a sa\u00fade mental e condi\u00e7\u00f5es f\u00edsicas, como as doen\u00e7as card\u00edacas. Por\u00e9m, esses estudos analisaram frequentemente a rela\u00e7\u00e3o apenas com um aspeto do sono, como a sua dura\u00e7\u00e3o ou qualidade.<\/p>\n<p>Na tentativa de ter uma abordagem mais geral, um novo estudo, <a href=\"https:\/\/journals.plos.org\/plosbiology\/article?id=10.1371\/journal.pbio.3003399\" data-wpel-link=\"external\" target=\"_blank\" rel=\"nofollow external noopener noreferrer\" class=\"ext-link\">publicado<\/a> na semana passada na PLOS Biology, analisou a associa\u00e7\u00e3o entre sete fatores diretamente relacionados com o sono\u00a0 e 118 outros fatores, incluindo cogni\u00e7\u00e3o, consumo de subst\u00e2ncias e sa\u00fade mental.<\/p>\n<p>Como detalha a <a href=\"https:\/\/www.newscientist.com\/article\/2499044-there-are-five-types-of-sleep-heres-what-that-means-for-your-health\/\" data-wpel-link=\"external\" target=\"_blank\" rel=\"nofollow external noopener noreferrer\" class=\"ext-link\">New Scientist<\/a>, para esta investiga\u00e7\u00e3o foram feitos testes cognitivos, inqu\u00e9ritos sobre o sono e exames cerebrais, a 770 adultos saud\u00e1veis com idades entre 22 e 36 anos, nos EUA.<\/p>\n<p>A partir destes dados, foram identificados <strong>cinco perfis distintos de sono<\/strong>.<\/p>\n<p>Identifica-se com algum?<\/p>\n<p>O <strong>primeiro<\/strong> foi caracterizado por um padr\u00e3o geral de sono fraco \u2014 maiores perturba\u00e7\u00f5es do sono, menor satisfa\u00e7\u00e3o com o sono e maior tempo para adormecer \u2014 e pior sa\u00fade mental, com sintomas de depress\u00e3o e ansiedade, bem como raiva, medo e stress.<\/p>\n<p>As imagens cerebrais das pessoas deste grupo mostraram diminui\u00e7\u00e3o da conectividade entre redes envolvidas na auto-reflex\u00e3o, como a rede temporoparietal, e aquelas respons\u00e1veis pela aten\u00e7\u00e3o e pelas tarefas, como as redes somatomotora e de aten\u00e7\u00e3o dorsal.<\/p>\n<p>Isto pode indicar perturba\u00e7\u00f5es na capacidade do c\u00e9rebro de alternar entre o mundo interior e o mundo exterior. Por exemplo, pessoas nesta categoria podem ruminar sobre os seus pensamentos e sentimentos, em vez de se concentrarem no ambiente que as rodeia.<\/p>\n<p>As pessoas no <strong>segundo<\/strong> perfil de sono tamb\u00e9m apresentaram sinais de pior sa\u00fade mental, particularmente relacionados com falta de aten\u00e7\u00e3o, mas sem dificuldades de sono. Pelo contr\u00e1rio, tinham um sono globalmente decente.<\/p>\n<p>As pessoas que se enquadram neste perfil tamb\u00e9m n\u00e3o apresentaram os padr\u00f5es de conectividade cerebral observados no primeiro grupo, o que sugere que esses padr\u00f5es est\u00e3o especificamente relacionados com problemas de sono, e n\u00e3o com a sa\u00fade mental em geral.<\/p>\n<p>O <strong>terceiro<\/strong> perfil revelou uma rela\u00e7\u00e3o entre o uso de auxiliares de sono \u2014 como medicamentos prescritos ou at\u00e9 ch\u00e1s promovidos como ajudando ao sono \u2014 e pior mem\u00f3ria e reconhecimento emocional, isto \u00e9, a capacidade de identificar o estado emocional de algu\u00e9m atrav\u00e9s de pistas como express\u00f5es ou linguagem corporal.<\/p>\n<p>Isto pode explicar porque \u00e9 que as pessoas que se enquadram neste perfil tinham diminui\u00e7\u00e3o da conectividade em regi\u00f5es cerebrais envolvidas na vis\u00e3o, mem\u00f3ria e emo\u00e7\u00e3o.<\/p>\n<p>O <strong>quarto<\/strong> perfil distinguiu-se por dormir menos de 7 horas por noite, o valor recomendado como m\u00ednimo. Isto foi associado a pior precis\u00e3o e maior tempo de rea\u00e7\u00e3o em testes cognitivos que mediam o processamento emocional, a linguagem e as compet\u00eancias sociais.<\/p>\n<p>Este perfil foi associado a comportamentos mais agressivos e a aumento da conectividade entre redes cerebrais. Segundo a New Scientist, estudos anteriores sobre priva\u00e7\u00e3o de sono encontraram aumentos semelhantes de conectividade, sugerindo que isto \u00e9 indicativo de d\u00edvida de sono.<\/p>\n<p>A agressividade tamb\u00e9m surgiu no <strong>quinto<\/strong> perfil, que se caracterizava por perturba\u00e7\u00f5es do sono, como acordar v\u00e1rias vezes durante a noite.<\/p>\n<p>Estas perturba\u00e7\u00f5es estavam associadas a pior processamento lingu\u00edstico e mem\u00f3ria de trabalho, bem como a sinais de pior sa\u00fade mental, incluindo sintomas de ansiedade e abuso de subst\u00e2ncias.<\/p>\n<p><strong>Nem todos os participantes se enquadraram perfeitamente num \u00fanico perfil<\/strong>, explicou, \u00e0 New Scientist, a l\u00edder da investiga\u00e7\u00e3o <strong>Valeria Kebets<\/strong>, da Universidade de Concordia, em Montreal (Canad\u00e1). Tamb\u00e9m haver\u00e1 uma propor\u00e7\u00e3o significativa de pessoas que experimentam regularmente sono de boa qualidade.<\/p>\n<p>    <a href=\"https:\/\/zap.aeiou.pt\/subscrever-newsletter\" data-wpel-link=\"internal\" rel=\"nofollow noopener\" target=\"_blank\">&#13;<br \/>\n        <img loading=\"lazy\" decoding=\"async\" class=\"aligncenter size-full wp-image-575475\" src=\"https:\/\/www.europesays.com\/pt\/wp-content\/uploads\/2025\/10\/1759862234_971_2d51fe4a0ba54894421ead1809309ed9-1-450x140.jpg\" alt=\"Subscreva a Newsletter ZAP\" width=\"450\" height=\"140\"\/>&#13;<br \/>\n    <\/a><\/p>\n<p>                <a href=\"https:\/\/whatsapp.com\/channel\/0029VaIC4EE2f3EJZPPSbR34\" data-wpel-link=\"external\" target=\"_blank\" rel=\"nofollow external noopener noreferrer\" class=\"ext-link\">&#13;<br \/>\n                    <img loading=\"lazy\" decoding=\"async\" class=\"aligncenter size-full wp-image-575475\" src=\"https:\/\/www.europesays.com\/pt\/wp-content\/uploads\/2025\/10\/1759862234_512_c68c559d956d4ca20f435ed74a6e71e6.png\" alt=\"Siga-nos no WhatsApp\" width=\"175\" height=\"64\"\/>&#13;<br \/>\n                <\/a><\/p>\n<p>                <a href=\"https:\/\/news.google.com\/publications\/CAAiEHRwZondIV71PDjWNoqMduEqFAgKIhB0cGaJ3SFe9Tw41jaKjHbh?hl=en-US&amp;gl=US&amp;ceid=US%3Aen\" data-wpel-link=\"external\" target=\"_blank\" rel=\"nofollow external noopener noreferrer\" class=\"ext-link\">&#13;<br \/>\n                    <img loading=\"lazy\" decoding=\"async\" class=\"aligncenter size-full wp-image-575475\" src=\"https:\/\/www.europesays.com\/pt\/wp-content\/uploads\/2025\/10\/1759862235_242_5123dd8b087b644fdb8f8603acd1bad4.png\" alt=\"Siga-nos no Google News\" width=\"176\" height=\"64\"\/>&#13;<br \/>\n                <\/a><\/p>\n","protected":false},"excerpt":{"rendered":"Rawpixel Os cientistas identificaram cinco perfis de sono diferentes, cada um associado a padr\u00f5es de atividade cerebral e&hellip;\n","protected":false},"author":2,"featured_media":110226,"comment_status":"","ping_status":"","sticky":false,"template":"","format":"standard","meta":{"footnotes":""},"categories":[86],"tags":[116,7654,32,33,117,1030,536],"class_list":{"0":"post-110225","1":"post","2":"type-post","3":"status-publish","4":"format-standard","5":"has-post-thumbnail","7":"category-saude","8":"tag-health","9":"tag-neurologia","10":"tag-portugal","11":"tag-pt","12":"tag-saude","13":"tag-saude-mental","14":"tag-sono"},"share_on_mastodon":{"url":"","error":""},"_links":{"self":[{"href":"https:\/\/www.europesays.com\/pt\/wp-json\/wp\/v2\/posts\/110225","targetHints":{"allow":["GET"]}}],"collection":[{"href":"https:\/\/www.europesays.com\/pt\/wp-json\/wp\/v2\/posts"}],"about":[{"href":"https:\/\/www.europesays.com\/pt\/wp-json\/wp\/v2\/types\/post"}],"author":[{"embeddable":true,"href":"https:\/\/www.europesays.com\/pt\/wp-json\/wp\/v2\/users\/2"}],"replies":[{"embeddable":true,"href":"https:\/\/www.europesays.com\/pt\/wp-json\/wp\/v2\/comments?post=110225"}],"version-history":[{"count":0,"href":"https:\/\/www.europesays.com\/pt\/wp-json\/wp\/v2\/posts\/110225\/revisions"}],"wp:featuredmedia":[{"embeddable":true,"href":"https:\/\/www.europesays.com\/pt\/wp-json\/wp\/v2\/media\/110226"}],"wp:attachment":[{"href":"https:\/\/www.europesays.com\/pt\/wp-json\/wp\/v2\/media?parent=110225"}],"wp:term":[{"taxonomy":"category","embeddable":true,"href":"https:\/\/www.europesays.com\/pt\/wp-json\/wp\/v2\/categories?post=110225"},{"taxonomy":"post_tag","embeddable":true,"href":"https:\/\/www.europesays.com\/pt\/wp-json\/wp\/v2\/tags?post=110225"}],"curies":[{"name":"wp","href":"https:\/\/api.w.org\/{rel}","templated":true}]}}