{"id":110309,"date":"2025-10-14T10:55:20","date_gmt":"2025-10-14T10:55:20","guid":{"rendered":"https:\/\/www.europesays.com\/pt\/110309\/"},"modified":"2025-10-14T10:55:20","modified_gmt":"2025-10-14T10:55:20","slug":"ha-quatro-freguesias-com-empates-eleitorais-e-agora-observador","status":"publish","type":"post","link":"https:\/\/www.europesays.com\/pt\/110309\/","title":{"rendered":"H\u00e1 quatro freguesias com empates eleitorais. E agora? \u2013 Observador"},"content":{"rendered":"<p>\u201cOcorreu um empate \u2013 N\u00e3o foi eleito o Presidente\u201d. O aviso surge a azul no site dos resultados das Elei\u00e7\u00f5es Aut\u00e1rquicas 2025, gerido pela Secretaria Geral do Minist\u00e9rio da Administra\u00e7\u00e3o Interna (MAI) em pelo menos quatro freguesias em Portugal, todos elas a norte.<\/p>\n<p>Na freguesia de Arcas, no concelho de Macedo de Cavaleiros, Bragan\u00e7a, a <a href=\"https:\/\/www.autarquicas2025.mai.gov.pt\/resultados\/territorio-nacional?election=AF&amp;local=757\" rel=\"nofollow noopener\" target=\"_blank\">elei\u00e7\u00e3o para a Assembleia de Freguesia<\/a> resultou em <strong>exatamente 100 votos para a coliga\u00e7\u00e3o PSD\/CDS-PP\u00a0 e os mesmos 100 votos para o PS<\/strong>. Num universo de 388 eleitores que poderiam votar, 206 deslocaram-se \u00e0s urnas e s\u00f3 cinco deles foram considerados nulos, sendo que um foi um voto em branco.<\/p>\n<p>Num universo de eleitores maior, em <a href=\"https:\/\/www.autarquicas2025.mai.gov.pt\/resultados\/territorio-nacional?election=AF&amp;local=3031\" rel=\"nofollow noopener\" target=\"_blank\">Vila Marim, Vila Real, o empate<\/a> deu-se entre as mesmas for\u00e7as pol\u00edticas. PSD, desta vez sem coliga\u00e7\u00e3o\u00a0com o CDS-PP, arrecadou 542 votos. <strong>Exatamente o mesmo n\u00famero de eleitores, 542<\/strong>, de um total de 1.192 que foram votar, escolheram a candidatura do PS.<\/p>\n<p>Tamb\u00e9m <a href=\"https:\/\/www.autarquicas2025.mai.gov.pt\/resultados\/territorio-nacional?election=AF&amp;local=2203\" rel=\"nofollow noopener\" target=\"_blank\">Lamoso, no concelho de Pa\u00e7os de Ferreira<\/a>, amanheceu sem que tenha sido eleito um novo presidente para a Junta de Freguesia da localidade. O Movimento Independente por Lamoso (MIL) <strong>arrecadou 397 votos, mas o mesmo aconteceu com a coliga\u00e7\u00e3o PSD\/CDS-PP<\/strong>. O empate decorreu com 1.153 votantes a participar no ato eleitoral.<\/p>\n<p>No concelho de Mon\u00e7\u00e3o, em Viana do Castelo, 181 eleitores votaram para eleger o presidente da Junta de Freguesia de Lara, mas um <a href=\"https:\/\/www.autarquicas2025.mai.gov.pt\/resultados\/territorio-nacional?election=AF&amp;local=2674\" rel=\"nofollow noopener\" target=\"_blank\">empate fez com que ainda n\u00e3o exista um resultado final<\/a>. O movimento <strong>Juntos por Lara (JPL) recebeu 85 votos, os mesmos que arrecadou o PSD<\/strong>. Neste caso, houve seis eleitores a votar em branco e outros cinco a ver o seu voto anulado.<\/p>\n<p>Dos empates at\u00e9 agora conhecidos nas vota\u00e7\u00f5es para as juntas de freguesia, ao n\u00edvel nacional, sabe-se para j\u00e1 que todos envolvem o PSD, coligado ou n\u00e3o. Empata duas vezes com o PS e outras duas com movimentos independentes.<\/p>\n<p>Ao Observador, fonte oficial da Comiss\u00e3o Nacional de Elei\u00e7\u00f5es (CNE) esclarece que os casos de empate, como este, <strong>podem vir a ser esclarecidos atrav\u00e9s da Assembleia de Apuramento Geral que realiza esta ter\u00e7a-feira e que verifica os votos considerados nulos.<\/strong> Se algum deles, por decis\u00e3o da CNE, for \u201cdesanulado\u201d, ent\u00e3o o desempate desfaz-se e ganha a for\u00e7a para a qual reverter o voto, ou votos, que passam a ser v\u00e1lidos.<\/p>\n<p>Se n\u00e3o for esse o caso, e todos os votos nulos assim permanecerem, <strong>\u00e9 necess\u00e1rio proceder \u00e0 \u201crepeti\u00e7\u00e3o da elei\u00e7\u00e3o at\u00e9 ao 14\u00ba dia a contar do dia das elei\u00e7\u00f5es\u201d<\/strong>, que decorreram este domingo, 12 de outubro. A data da nova vota\u00e7\u00e3o \u00e9 escolhida pelo presidente da Junta de Freguesia ainda em fun\u00e7\u00f5es.<\/p>\n<p><b>[<\/b><b>H\u00e1 um novo candidato a Bel\u00e9m. Soares fica em choque com o an\u00fancio do amigo que considera irm\u00e3o. Freitas elege Zenha como principal advers\u00e1rio<\/b>.<b>\u00a0<\/b><b>A\u00a0<a href=\"https:\/\/observador.pt\/programas\/a-eleio-mais-louca-de-sempre\/episodio-2-uma-traicao-inesperada\/\" rel=\"nofollow noopener\" target=\"_blank\">\u201cElei\u00e7\u00e3o Mais Louca de Sempre\u201d<\/a>\u00a0\u00e9 o novo Podcast Plus do Observador sobre as Presidenciais de 1986. Uma s\u00e9rie narrada pelo ator Gon\u00e7alo Waddington, com banda sonora original de Samuel \u00daria. Pode ouvir\u00a0<a href=\"https:\/\/observador.pt\/programas\/a-eleio-mais-louca-de-sempre\/episodio-2-uma-traicao-inesperada\/\" rel=\"nofollow noopener\" target=\"_blank\">aqui<\/a>, no<\/b><b>\u00a0Observador<\/b><b>, e tamb\u00e9m na\u00a0<\/b><a href=\"https:\/\/podcasts.apple.com\/pt\/podcast\/epis%C3%B3dio-2-uma-trai%C3%A7%C3%A3o-inesperada\/id1841273464?i=1000730472608\" rel=\"nofollow noopener\" target=\"_blank\"><b>Apple Podcasts<\/b><\/a><b>, no\u00a0<\/b><a href=\"https:\/\/open.spotify.com\/episode\/5l0pvWqUeYvacXEQiA4mXP?si=5add75ae255a42c1\" rel=\"nofollow noopener\" target=\"_blank\"><b>Spotify<\/b><\/a><b>\u00a0e no\u00a0<\/b><a href=\"https:\/\/music.youtube.com\/watch?v=BLnES6MoViY&amp;si=OzNSgj-0hTibGgN3\" rel=\"nofollow noopener\" target=\"_blank\"><b>Youtube Music<\/b><\/a><b>. E pode ouvir o primeiro epis\u00f3dio\u00a0<a href=\"https:\/\/observador.pt\/programas\/a-eleio-mais-louca-de-sempre\/estreia-a-eleicao-mais-louca-de-sempre-episodio-1-apostamos-no-cavalo-errado\/\" rel=\"nofollow noopener\" target=\"_blank\">aqui<\/a>.]<\/b><\/p>\n<p><a href=\"https:\/\/observador.pt\/programas\/a-eleio-mais-louca-de-sempre\/episodio-2-uma-traicao-inesperada\/\" rel=\"nofollow noopener\" target=\"_blank\"><\/p>\n<p>        <img src=\"https:\/\/www.europesays.com\/pt\/wp-content\/uploads\/2025\/10\/fundov1-a-eleicao-mais-louca-de-sempre.jpg\" alt=\"\" loading=\"lazy\" decoding=\"async\" class=\"alignnone\" onload=\"this.parentElement.classList.remove('spinner')\" onerror=\"this.parentElement.classList.remove('spinner')\" width=\"1440\" height=\"810\"\/>    <\/p>\n<p><\/a><\/p>\n<p>                            Se tiver uma hist\u00f3ria que queira partilhar sobre irregularidades na sua autarquia, preencha<br \/>\n                            <a href=\"https:\/\/forms.gle\/uQ1gDpSwmRd7ezUf8\" target=\"_blank\" rel=\"noopener noreferrer nofollow\">este formul\u00e1rio an\u00f3nimo<\/a>.<\/p>\n","protected":false},"excerpt":{"rendered":"\u201cOcorreu um empate \u2013 N\u00e3o foi eleito o Presidente\u201d. O aviso surge a azul no site dos resultados&hellip;\n","protected":false},"author":2,"featured_media":110310,"comment_status":"","ping_status":"","sticky":false,"template":"","format":"standard","meta":{"footnotes":""},"categories":[10],"tags":[2163,27,28,1077,15,16,14,25,26,21,22,12,13,19,20,302,32,23,24,455,4579,33,17,18,29,30,31],"class_list":{"0":"post-110309","1":"post","2":"type-post","3":"status-publish","4":"format-standard","5":"has-post-thumbnail","7":"category-portugal","8":"tag-autu00e1rquicas-2025","9":"tag-breaking-news","10":"tag-breakingnews","11":"tag-eleiu00e7u00f5es","12":"tag-featured-news","13":"tag-featurednews","14":"tag-headlines","15":"tag-latest-news","16":"tag-latestnews","17":"tag-main-news","18":"tag-mainnews","19":"tag-news","20":"tag-noticias","21":"tag-noticias-principais","22":"tag-noticiasprincipais","23":"tag-polu00edtica","24":"tag-portugal","25":"tag-principais-noticias","26":"tag-principaisnoticias","27":"tag-ps","28":"tag-psd","29":"tag-pt","30":"tag-top-stories","31":"tag-topstories","32":"tag-ultimas","33":"tag-ultimas-noticias","34":"tag-ultimasnoticias"},"share_on_mastodon":{"url":"","error":""},"_links":{"self":[{"href":"https:\/\/www.europesays.com\/pt\/wp-json\/wp\/v2\/posts\/110309","targetHints":{"allow":["GET"]}}],"collection":[{"href":"https:\/\/www.europesays.com\/pt\/wp-json\/wp\/v2\/posts"}],"about":[{"href":"https:\/\/www.europesays.com\/pt\/wp-json\/wp\/v2\/types\/post"}],"author":[{"embeddable":true,"href":"https:\/\/www.europesays.com\/pt\/wp-json\/wp\/v2\/users\/2"}],"replies":[{"embeddable":true,"href":"https:\/\/www.europesays.com\/pt\/wp-json\/wp\/v2\/comments?post=110309"}],"version-history":[{"count":0,"href":"https:\/\/www.europesays.com\/pt\/wp-json\/wp\/v2\/posts\/110309\/revisions"}],"wp:featuredmedia":[{"embeddable":true,"href":"https:\/\/www.europesays.com\/pt\/wp-json\/wp\/v2\/media\/110310"}],"wp:attachment":[{"href":"https:\/\/www.europesays.com\/pt\/wp-json\/wp\/v2\/media?parent=110309"}],"wp:term":[{"taxonomy":"category","embeddable":true,"href":"https:\/\/www.europesays.com\/pt\/wp-json\/wp\/v2\/categories?post=110309"},{"taxonomy":"post_tag","embeddable":true,"href":"https:\/\/www.europesays.com\/pt\/wp-json\/wp\/v2\/tags?post=110309"}],"curies":[{"name":"wp","href":"https:\/\/api.w.org\/{rel}","templated":true}]}}