{"id":110318,"date":"2025-10-14T11:03:25","date_gmt":"2025-10-14T11:03:25","guid":{"rendered":"https:\/\/www.europesays.com\/pt\/110318\/"},"modified":"2025-10-14T11:03:25","modified_gmt":"2025-10-14T11:03:25","slug":"as-22-selecoes-ja-apuradas-para-o-mundial-2026-observador","status":"publish","type":"post","link":"https:\/\/www.europesays.com\/pt\/110318\/","title":{"rendered":"As 22 sele\u00e7\u00f5es j\u00e1 apuradas para o Mundial 2026 \u2013 Observador"},"content":{"rendered":"<p>A menos de um ano do in\u00edcio do Campeonato do Mundo dos EUA, do M\u00e9xico e do Canad\u00e1,<strong> 22 pa\u00edses j\u00e1 garantiram a presen\u00e7a na maior competi\u00e7\u00e3o de sele\u00e7\u00f5es nacionais.<\/strong> Cabo Verde assegurou o in\u00e9dito passaporte esta segunda-feira, ao vencer Essuat\u00edni na Praia, e juntou-se a Jord\u00e2nia e Uzbequist\u00e3o na lista de estreantes no Mundial 2026.<\/p>\n<blockquote class=\"wp-embedded-content\" data-secret=\"TJsYBHxz93\">\n<p><a href=\"https:\/\/observador.pt\/2025\/10\/13\/foram-11-a-concretizar-o-sonho-de-mais-de-500-mil-cabo-verde-vence-essuatini-e-apura-se-pela-primeira-vez-para-um-mundial\/\" rel=\"nofollow noopener\" target=\"_blank\">Foram 11 a concretizar o sonho de mais de 500 mil: Cabo Verde vence Essuat\u00edni e apura-se pela primeira vez para um Mundial<\/a><\/p>\n<\/blockquote>\n<p>Os cabo-verdianos, por\u00e9m, poder\u00e3o n\u00e3o ser o \u00fanico pa\u00eds a garantir a qualifica\u00e7\u00e3o j\u00e1 esta segunda-feira: Fran\u00e7a e Su\u00ed\u00e7a tamb\u00e9m t\u00eam a possibilidade de carimbar o apuramento no Grupo D e no Grupo B, respetivamente, se vencerem Isl\u00e2ndia e Eslov\u00e9nia. <strong>J\u00e1<\/strong> <strong>Portugal pode apurar-se esta ter\u00e7a-feira,<\/strong> no Est\u00e1dio Jos\u00e9 de Alvalade, se derrotar a Hungria.<\/p>\n<p>Estes s\u00e3o <strong>os 22 pa\u00edses j\u00e1 apurados para o Mundial 2026,<\/strong> numa lista em que ainda faltam 26 at\u00e9 aos 48 finais:<\/p>\n<ul>\n<li>Canad\u00e1 (3.\u00aa participa\u00e7\u00e3o, qualificado como co-anfitri\u00e3o)<\/li>\n<li>Estados Unidos (12.\u00aa participa\u00e7\u00e3o, qualificado como co-anfitri\u00e3o)<\/li>\n<li>M\u00e9xico (18.\u00aa participa\u00e7\u00e3o, qualificado como co-anfitri\u00e3o)<\/li>\n<\/ul>\n<ul>\n<li>Argentina (19.\u00aa participa\u00e7\u00e3o, campe\u00e3 mundial em 1978, 1986 e 2022)<\/li>\n<li>Brasil (23.\u00aa participa\u00e7\u00e3o, campe\u00e3o mundial em 1958, 1962, 1970, 1994 e 2002)<\/li>\n<li>Equador (5.\u00aa participa\u00e7\u00e3o)<\/li>\n<li>Col\u00f4mbia (6.\u00aa participa\u00e7\u00e3o)<\/li>\n<li>Uruguai (15.\u00aa participa\u00e7\u00e3o)<\/li>\n<li>Paraguai (8.\u00aa participa\u00e7\u00e3o)<\/li>\n<\/ul>\n<ul>\n<li>Marrocos (7.\u00aa participa\u00e7\u00e3o)<\/li>\n<li>Tun\u00edsia (8.\u00aa participa\u00e7\u00e3o)<\/li>\n<li>Egito (4.\u00aa participa\u00e7\u00e3o)<\/li>\n<li>Arg\u00e9lia (5.\u00aa participa\u00e7\u00e3o)<\/li>\n<li>Gana (5.\u00aa participa\u00e7\u00e3o)<\/li>\n<li>Cabo Verde (1.\u00aa participa\u00e7\u00e3o)<\/li>\n<\/ul>\n<ul>\n<li>Austr\u00e1lia (7.\u00aa participa\u00e7\u00e3o)<\/li>\n<li>Coreia do Sul (12.\u00aa participa\u00e7\u00e3o)<\/li>\n<li>Ir\u00e3o (7.\u00aa participa\u00e7\u00e3o)<\/li>\n<li>Jap\u00e3o (8.\u00aa participa\u00e7\u00e3o)<\/li>\n<li>Jord\u00e2nia (1.\u00aa participa\u00e7\u00e3o)<\/li>\n<li>Uzbequist\u00e3o (1.\u00aa participa\u00e7\u00e3o)<\/li>\n<\/ul>\n<ul>\n<li>Nova Zel\u00e2ndia (3.\u00aa participa\u00e7\u00e3o)<\/li>\n<\/ul>\n","protected":false},"excerpt":{"rendered":"A menos de um ano do in\u00edcio do Campeonato do Mundo dos EUA, do M\u00e9xico e do Canad\u00e1,&hellip;\n","protected":false},"author":2,"featured_media":110319,"comment_status":"","ping_status":"","sticky":false,"template":"","format":"standard","meta":{"footnotes":""},"categories":[87],"tags":[6026,135,524,32,33,134],"class_list":{"0":"post-110318","1":"post","2":"type-post","3":"status-publish","4":"format-standard","5":"has-post-thumbnail","7":"category-desporto","8":"tag-campeonato-do-mundo","9":"tag-desporto","10":"tag-futebol","11":"tag-portugal","12":"tag-pt","13":"tag-sports"},"share_on_mastodon":{"url":"","error":""},"_links":{"self":[{"href":"https:\/\/www.europesays.com\/pt\/wp-json\/wp\/v2\/posts\/110318","targetHints":{"allow":["GET"]}}],"collection":[{"href":"https:\/\/www.europesays.com\/pt\/wp-json\/wp\/v2\/posts"}],"about":[{"href":"https:\/\/www.europesays.com\/pt\/wp-json\/wp\/v2\/types\/post"}],"author":[{"embeddable":true,"href":"https:\/\/www.europesays.com\/pt\/wp-json\/wp\/v2\/users\/2"}],"replies":[{"embeddable":true,"href":"https:\/\/www.europesays.com\/pt\/wp-json\/wp\/v2\/comments?post=110318"}],"version-history":[{"count":0,"href":"https:\/\/www.europesays.com\/pt\/wp-json\/wp\/v2\/posts\/110318\/revisions"}],"wp:featuredmedia":[{"embeddable":true,"href":"https:\/\/www.europesays.com\/pt\/wp-json\/wp\/v2\/media\/110319"}],"wp:attachment":[{"href":"https:\/\/www.europesays.com\/pt\/wp-json\/wp\/v2\/media?parent=110318"}],"wp:term":[{"taxonomy":"category","embeddable":true,"href":"https:\/\/www.europesays.com\/pt\/wp-json\/wp\/v2\/categories?post=110318"},{"taxonomy":"post_tag","embeddable":true,"href":"https:\/\/www.europesays.com\/pt\/wp-json\/wp\/v2\/tags?post=110318"}],"curies":[{"name":"wp","href":"https:\/\/api.w.org\/{rel}","templated":true}]}}