{"id":110363,"date":"2025-10-14T11:36:11","date_gmt":"2025-10-14T11:36:11","guid":{"rendered":"https:\/\/www.europesays.com\/pt\/110363\/"},"modified":"2025-10-14T11:36:11","modified_gmt":"2025-10-14T11:36:11","slug":"defesa-antiaerea-sobre-a-mesa-trump-prepara-se-para-receber-zelensky-na-casa-branca","status":"publish","type":"post","link":"https:\/\/www.europesays.com\/pt\/110363\/","title":{"rendered":"Defesa antia\u00e9rea sobre a mesa. Trump prepara-se para receber Zelensky na Casa Branca"},"content":{"rendered":"<p>                    O presidente norte-americano fez esta declara\u00e7\u00e3o na \u00faltima noite, ap\u00f3s ter sido questionado por rep\u00f3rteres a bordo do avi\u00e3o presidencial, durante o voo de regresso do M\u00e9dio Oriente a Washington.<\/p>\n<p><b>A confirma\u00e7\u00e3o da Casa Branca surge depois de o presidente ucraniano ter afirmado, na segunda-feira, que vai deslocar-se a Washington ainda esta semana para mais um encontro com o hom\u00f3logo norte-americano. <\/b><\/p>\n<p>&#13;<br \/>\n\u201cVou encontrar-me com o presidente Trump em Washington esta semana&#8221;, disse Volodymyr Zelensky, numa confer\u00eancia de imprensa em Kiev, ladeado pela chefe de pol\u00edtica externa da Uni\u00e3o Europeia, Kaja Kallas.&#13;\n<\/p>\n<p>Segundo o presidente ucraniano, os <b>dois l\u00edderes necessitam \u201cde discutir uma sequ\u00eancia de medidas\u201d que Kiev pretende propor a Washington<\/b>, sem adiantar mais pormenores, limitando-se a precisar que, <b>al\u00e9m do encontro com Trump, ter\u00e1 tamb\u00e9m \u201coutras reuni\u00f5es\u201d com respons\u00e1veis norte-americanos<\/b>, mencionando, em particular, encontros com representantes de \u201cempresas de armamento\u201d e com membros do Congresso.<\/p>\n<p>\u201cO principal tema ser\u00e1 a defesa antia\u00e9rea, mas terei tamb\u00e9m reuni\u00f5es com empresas do setor da energia\u201d, prosseguiu.\u201cLideran\u00e7a e determina\u00e7\u00e3o\u201d de Trump <br \/>&#13;<br \/>\nAntes, numa publica\u00e7\u00e3o na rede social Facebook, <b>Zelensky tinha afirmado que o cessar-fogo mediado por Trump em Gaza deu &#8220;mais esperan\u00e7a de paz&#8221; \u00e0 Ucr\u00e2nia<\/b>, onde o presidente norte-americano tamb\u00e9m pretende desempenhar id\u00eantico papel com Moscovo.\u201cQuando a paz \u00e9 alcan\u00e7ada numa parte do mundo, ela &#13;<br \/>\ntraz mais esperan\u00e7a de paz a outras regi\u00f5es. A lideran\u00e7a e a &#13;<br \/>\ndetermina\u00e7\u00e3o de atores globais certamente podem funcionar para n\u00f3s &#13;<br \/>\ntamb\u00e9m na Ucr\u00e2nia\u201d, acrescentou Zelensky.<\/p>\n<p>Nesse sentido, congratulou-se por o hom\u00f3logo norte-americano ter conseguido obter o cessar-fogo em Gaza, bem como a liberta\u00e7\u00e3o de ref\u00e9ns israelitas detidos pelo Hamas e dos prisioneiros palestinianos nas cadeias de Israel e ainda a entrada de ajuda humanit\u00e1ria no enclave.<\/p>\n<p><b>Zelensky elogiou \u201ca lideran\u00e7a e a determina\u00e7\u00e3o\u201d de Trump<\/b> para alcan\u00e7ar esse objetivo e reiterou a posi\u00e7\u00e3o que j\u00e1 manifestara no fim de semana, depois de ter falado duas vezes, por telefone, com o presidente dos Estados Unidos, <b>sublinhando que espera que a a\u00e7\u00e3o diplom\u00e1tica da Casa Branca possa tamb\u00e9m trazer a paz \u00e0 Ucr\u00e2nia.<\/b><\/p>\n<p>\u201cEstamos a trabalhar para que o dia da paz chegue tamb\u00e9m para a Ucr\u00e2nia\u201d, frisou Zelensky nas redes sociais, sublinhando ainda que a \u201cagress\u00e3o russa \u00e9 a \u00faltima fonte global de desestabiliza\u00e7\u00e3o\u201dNovos bombardeamentos contra civis <br \/>&#13;<br \/>\nTamb\u00e9m nas redes socias, Volodymyr Zelensky, denunciou esta ter\u00e7a-feira bombardeamentos russos contra infraestruturas civis, designadamente de transportes, de energia e de sa\u00fade, nas regi\u00f5es de Kharkiv, Kirovograd Sumy e Donetsk.<\/p>\n<p>&#8220;<b>Todos os dias, todas as noites, a R\u00fassia ataca as nossas esta\u00e7\u00f5es [de produ\u00e7\u00e3o] e linhas de distribui\u00e7\u00e3o de eletricidade e as infraestruturas de g\u00e1s<\/b>&#8220;, escreveu, insistindo que &#8220;a <b>Ucr\u00e2nia precisa de mais sistemas de m\u00edsseis dos aliados, como Patriot, NASAMS e SAMP\/T, para se defender contra os proj\u00e9teis inimigos<\/b>\u201d, escreveu o presidente ucraniano numa refer\u00eancia aos ataques realizados por Moscovo na v\u00e9spera.<\/p>\n<p>Na noite de segunda-feira, as for\u00e7as russas atacaram Kharkiv, a segunda maior cidade da Ucr\u00e2nia, com bombas guiadas, deixando 30 mil clientes sem energia em tr\u00eas distritos.<\/p>\n<p>No centro, Kirovograd, foi uma linha de caminho-de-ferro a ficar danificada, enquanto mais a norte, Sumy, tamb\u00e9m foram atingidas f\u00e1bricas.<br \/>&#13;<br \/>\nA For\u00e7a A\u00e9rea ucraniana relatou que a R\u00fassia lan\u00e7ou durante a noite de segunda-feira um total de 96 drones (aeronaves telepilotadas) contra o seu territ\u00f3rio, tendo 69 sido neutralizados pelos sistemas de defesa da Ucr\u00e2nia.<\/p>\n<p>Outros 27 drones n\u00e3o foram intercetados e registaram-se impactos em sete localiza\u00e7\u00f5es distintas, que n\u00e3o foram especificadas.<\/p>\n<p><b>Nas \u00faltimas semanas, as for\u00e7as russas t\u00eam concentrado os seus ataques em alvos associados \u00e0 rede el\u00e9trica e \u00e0 ind\u00fastria do g\u00e1s da Ucr\u00e2nia, com o aproximar do Inverno na guerra que dura h\u00e1 mais de tr\u00eas anos e meio.<\/b><\/p>\n<p>&#13;<br \/>\nUm ataque em massa a Kiev e a outros centros, na semana passada, deixou mais de um milh\u00e3o de casas e empresas temporariamente sem energia em todo o pa\u00eds. O abastecimento de \u00e1gua tamb\u00e9m foi interrompido.&#13;\n<\/p>\n<p>&#13;<br \/>\nc\/ ag\u00eancias&#13;<\/p>\n","protected":false},"excerpt":{"rendered":"O presidente norte-americano fez esta declara\u00e7\u00e3o na \u00faltima noite, ap\u00f3s ter sido questionado por rep\u00f3rteres a bordo do&hellip;\n","protected":false},"author":2,"featured_media":110364,"comment_status":"","ping_status":"","sticky":false,"template":"","format":"standard","meta":{"footnotes":""},"categories":[50],"tags":[3391,27,28,92,235,15,16,830,14,25,26,21,22,62,12,13,19,20,806,23,24,839,17,18,840,29,30,31,2416,63,64,65],"class_list":{"0":"post-110363","1":"post","2":"type-post","3":"status-publish","4":"format-standard","5":"has-post-thumbnail","7":"category-mundo","8":"tag-ataques","9":"tag-breaking-news","10":"tag-breakingnews","11":"tag-donald-trump","12":"tag-estados-unidos","13":"tag-featured-news","14":"tag-featurednews","15":"tag-guerra","16":"tag-headlines","17":"tag-latest-news","18":"tag-latestnews","19":"tag-main-news","20":"tag-mainnews","21":"tag-mundo","22":"tag-news","23":"tag-noticias","24":"tag-noticias-principais","25":"tag-noticiasprincipais","26":"tag-paz","27":"tag-principais-noticias","28":"tag-principaisnoticias","29":"tag-russia","30":"tag-top-stories","31":"tag-topstories","32":"tag-ucrania","33":"tag-ultimas","34":"tag-ultimas-noticias","35":"tag-ultimasnoticias","36":"tag-volodymyr-zelensky","37":"tag-world","38":"tag-world-news","39":"tag-worldnews"},"share_on_mastodon":{"url":"","error":""},"_links":{"self":[{"href":"https:\/\/www.europesays.com\/pt\/wp-json\/wp\/v2\/posts\/110363","targetHints":{"allow":["GET"]}}],"collection":[{"href":"https:\/\/www.europesays.com\/pt\/wp-json\/wp\/v2\/posts"}],"about":[{"href":"https:\/\/www.europesays.com\/pt\/wp-json\/wp\/v2\/types\/post"}],"author":[{"embeddable":true,"href":"https:\/\/www.europesays.com\/pt\/wp-json\/wp\/v2\/users\/2"}],"replies":[{"embeddable":true,"href":"https:\/\/www.europesays.com\/pt\/wp-json\/wp\/v2\/comments?post=110363"}],"version-history":[{"count":0,"href":"https:\/\/www.europesays.com\/pt\/wp-json\/wp\/v2\/posts\/110363\/revisions"}],"wp:featuredmedia":[{"embeddable":true,"href":"https:\/\/www.europesays.com\/pt\/wp-json\/wp\/v2\/media\/110364"}],"wp:attachment":[{"href":"https:\/\/www.europesays.com\/pt\/wp-json\/wp\/v2\/media?parent=110363"}],"wp:term":[{"taxonomy":"category","embeddable":true,"href":"https:\/\/www.europesays.com\/pt\/wp-json\/wp\/v2\/categories?post=110363"},{"taxonomy":"post_tag","embeddable":true,"href":"https:\/\/www.europesays.com\/pt\/wp-json\/wp\/v2\/tags?post=110363"}],"curies":[{"name":"wp","href":"https:\/\/api.w.org\/{rel}","templated":true}]}}