{"id":110395,"date":"2025-10-14T12:14:08","date_gmt":"2025-10-14T12:14:08","guid":{"rendered":"https:\/\/www.europesays.com\/pt\/110395\/"},"modified":"2025-10-14T12:14:08","modified_gmt":"2025-10-14T12:14:08","slug":"familias-de-refens-recomecam-protestos-em-israel-medio-oriente","status":"publish","type":"post","link":"https:\/\/www.europesays.com\/pt\/110395\/","title":{"rendered":"Fam\u00edlias de ref\u00e9ns recome\u00e7am protestos em Israel | M\u00e9dio Oriente"},"content":{"rendered":"<p>Depois de um dia de euforia e al\u00edvio com o regresso dos <a href=\"https:\/\/www.publico.pt\/2025\/10\/13\/mundo\/noticia\/hamas-libertou-sete-refens-2150576\" rel=\"nofollow noopener\" target=\"_blank\">20 ref\u00e9ns vivos<\/a> a Israel, o ambiente come\u00e7ou a esmorecer quando se percebeu que o Hamas apenas devolveria quatro corpos entre 28 mortos (ainda h\u00e1 um ref\u00e9m oficialmente considerado vivo, mas todos os respons\u00e1veis em Israel t\u00eam falado dele como morto).<\/p>\n<p>Israel j\u00e1 identificou os ref\u00e9ns mortos \u2013 que inclu\u00edam o nepal\u00eas Bipin Joshi, dado como um dos dois de quem n\u00e3o se sabia se estava vivo ou morto. Joshi ter\u00e1 sido assassinado nos primeiros meses da guerra, segundo o Ex\u00e9rcito de Israel. O nepal\u00eas foi raptado de um kibbutz onde estava a fazer um programa de interc\u00e2mbio a trabalhar na agricultura.<\/p>\n<p>Ainda segundo o Ex\u00e9rcito, o outro ref\u00e9m morto identificado, Guy Illuz, foi ferido durante o ataque de 7 de Outubro e levado para Gaza, onde morreu por n\u00e3o ter recebido tratamento m\u00e9dico adequado para os seus ferimentos.<\/p>\n<p>As fam\u00edlias dos outros dois ref\u00e9ns mortos n\u00e3o autorizaram que os nomes fossem divulgados.<\/p>\n<p>O grupo de press\u00e3o para a liberta\u00e7\u00e3o dos ref\u00e9ns acusou entretanto o Hamas de n\u00e3o cumprir o acordo por n\u00e3o ter devolvido os corpos de todos os ref\u00e9ns mortos. O <a href=\"https:\/\/www.publico.pt\/2025\/10\/09\/mundo\/noticia\/acordo-gaza-entra-vigor-apos-reuniao-governo-israel-2150174\" rel=\"nofollow noopener\" target=\"_blank\">acordo<\/a> estipulava a liberta\u00e7\u00e3o e devolu\u00e7\u00e3o de todos os ref\u00e9ns, vivos e mortos, no mesmo dia, embora parecesse depois contemplar a dificuldade de localizar os corpos dos mortos, prevendo uma task force internacional.<\/p>\n<p>O Comit\u00e9 Internacional da Cruz Vermelha disse que h\u00e1 um risco claro de que \u201cleve muito mais tempo\u201d a recuperar os corpos dos mortos, j\u00e1 que \u201c\u00e9 um desafio enorme\u201d localizar e recuperar corpos nos escombros de locais bombardeados.<\/p>\n<p>\u201cH\u00e1 claramente um risco de que leve muito mais tempo\u201d, de dias ou semanas, disse o porta-voz Christian Cardon citado pela ag\u00eancia Reuters. E h\u00e1 ainda, alertou, a possibilidade de que n\u00e3o sejam todos encontrados.<\/p>\n<p>A ONU tem estimado que sob mais de 53 milh\u00f5es de toneladas de destro\u00e7os causados pelos <a href=\"https:\/\/www.publico.pt\/2025\/10\/06\/infografia\/dois-anos-guerra-destruicao-faixa-gaza-simbolo-873\" rel=\"nofollow noopener\" target=\"_blank\">bombardeamentos israelitas<\/a> na Faixa de Gaza haja pelo menos 10 mil corpos.<\/p>\n<p>O grupo de familiares dos ref\u00e9ns recome\u00e7ou os protestos, voltando a p\u00f4r cartazes em locais onde antes tinham sido retirados. \u201cAinda h\u00e1 uma luta \u00e0 nossa frente\u201d, disse uma das pessoas ao Haaretz.<\/p>\n<p>Quanto aos 20 ref\u00e9ns vivos libertados, come\u00e7aram a surgir relatos de como tinha sido o seu tratamento. A maioria esteve em t\u00faneis, em especial depois de uma <a href=\"https:\/\/www.publico.pt\/2024\/06\/09\/mundo\/noticia\/lideres-internacionais-falam-massacre-operacao-libertou-refens-israel-gaza-2093456\" rel=\"nofollow noopener\" target=\"_blank\">opera\u00e7\u00e3o do Ex\u00e9rcito<\/a> que libertou quatro ref\u00e9ns em Junho de 2024 (e que deixou mais de 270 palestinianos mortos), com muito pouco acesso a informa\u00e7\u00e3o do exterior, e n\u00e3o faziam ideia se pessoas pr\u00f3ximas estavam vivas ou mortas (num caso, os captores disseram a um dos ref\u00e9ns que os av\u00f3s tinham morrido e, afinal, estavam vivos).<\/p>\n<p>Dois irm\u00e3os foram mantidos em locais muito pr\u00f3ximos um do outro, sem saberem.<\/p>\n<p>O pior caso de isolamento foi de Avinatan Or, levado do festival Nova, assim como a sua namorada, Noa Argamani. Argamani foi libertada na opera\u00e7\u00e3o de Junho de 2024, mas Avitanan nunca soube. Um dos v\u00eddeos de 7 de Outubro <a href=\"https:\/\/www.publico.pt\/2023\/10\/08\/mundo\/noticia\/centenas-pessoas-localizar-festival-musica-atacado-hamas-2065951\" rel=\"nofollow noopener\" target=\"_blank\">mostra-os<\/a> a ser separados enquanto s\u00e3o raptados, ele sendo imobilizado, ela levada de mota.<\/p>\n<p>Reabilita\u00e7\u00e3o longa<\/p>\n<p>Anat Angrest, uma das figuras mais activas nos protestos por um acordo para liberta\u00e7\u00e3o dos ref\u00e9ns, e muito cr\u00edtica de Benjamin Netanyahu, contou que por ser soldado, o seu filho Matan foi sujeito a \u201ctortura especialmente dura\u201d nos primeiros meses.<\/p>\n<p>Tamb\u00e9m se lembra de \u201cbombardeamentos pesados, avi\u00f5es sobre as suas cabe\u00e7as, paredes a cair ao seu lado, muitas vezes ficou no meio do p\u00f3 de escombros, tentando sair e sobreviver\u2026 Situa\u00e7\u00f5es muito complicadas\u201d, contou a m\u00e3e.<\/p>\n<p>Os ref\u00e9ns libertados v\u00e3o continuar a fazer exames m\u00e9dicos em centros especializados (o centro m\u00e9dico Rabin criou mesmo uma unidade especializada em cuidados a ex-ref\u00e9ns ap\u00f3s as \u00faltimas liberta\u00e7\u00f5es). Ref\u00e9ns libertados anteriormente continuaram a sofrer de problemas f\u00edsicos e psicol\u00f3gicos ligados ao ataque e \u00e0s condi\u00e7\u00f5es de deten\u00e7\u00e3o, com v\u00e1rios a relatar tortura, <a href=\"https:\/\/www.publico.pt\/2024\/03\/27\/mundo\/noticia\/refem-israelita-relata-tortura-ataque-sexual-durante-detencao-gaza-2085060\" rel=\"nofollow noopener\" target=\"_blank\">ataques sexuais<\/a> e abusos. Alguns dos problemas surgem ap\u00f3s semanas ou meses, alertaram especialistas.<\/p>\n<p>\u201cA reabilita\u00e7\u00e3o m\u00e9dica, psicol\u00f3gica e social \u00e9 um processo longo e complexo, que requer responsabilidade, coordena\u00e7\u00e3o, e coopera\u00e7\u00e3o\u201d, declarou, citado pelo Guardian, Hagai Levine, que lidera a equipa de sa\u00fade dos ref\u00e9ns e fam\u00edlias. \u00c9 um processo para \u201cos sobreviventes de cativeiro, para as fam\u00edlias, e para a sociedade como um todo\u201d.<\/p>\n","protected":false},"excerpt":{"rendered":"Depois de um dia de euforia e al\u00edvio com o regresso dos 20 ref\u00e9ns vivos a Israel, o&hellip;\n","protected":false},"author":2,"featured_media":110396,"comment_status":"","ping_status":"","sticky":false,"template":"","format":"standard","meta":{"footnotes":""},"categories":[50],"tags":[27,28,15,16,532,255,14,259,25,26,21,22,432,62,12,13,19,20,23,24,17,18,29,30,31,63,64,65],"class_list":{"0":"post-110395","1":"post","2":"type-post","3":"status-publish","4":"format-standard","5":"has-post-thumbnail","7":"category-mundo","8":"tag-breaking-news","9":"tag-breakingnews","10":"tag-featured-news","11":"tag-featurednews","12":"tag-gaza","13":"tag-hamas","14":"tag-headlines","15":"tag-israel","16":"tag-latest-news","17":"tag-latestnews","18":"tag-main-news","19":"tag-mainnews","20":"tag-medio-oriente","21":"tag-mundo","22":"tag-news","23":"tag-noticias","24":"tag-noticias-principais","25":"tag-noticiasprincipais","26":"tag-principais-noticias","27":"tag-principaisnoticias","28":"tag-top-stories","29":"tag-topstories","30":"tag-ultimas","31":"tag-ultimas-noticias","32":"tag-ultimasnoticias","33":"tag-world","34":"tag-world-news","35":"tag-worldnews"},"share_on_mastodon":{"url":"","error":""},"_links":{"self":[{"href":"https:\/\/www.europesays.com\/pt\/wp-json\/wp\/v2\/posts\/110395","targetHints":{"allow":["GET"]}}],"collection":[{"href":"https:\/\/www.europesays.com\/pt\/wp-json\/wp\/v2\/posts"}],"about":[{"href":"https:\/\/www.europesays.com\/pt\/wp-json\/wp\/v2\/types\/post"}],"author":[{"embeddable":true,"href":"https:\/\/www.europesays.com\/pt\/wp-json\/wp\/v2\/users\/2"}],"replies":[{"embeddable":true,"href":"https:\/\/www.europesays.com\/pt\/wp-json\/wp\/v2\/comments?post=110395"}],"version-history":[{"count":0,"href":"https:\/\/www.europesays.com\/pt\/wp-json\/wp\/v2\/posts\/110395\/revisions"}],"wp:featuredmedia":[{"embeddable":true,"href":"https:\/\/www.europesays.com\/pt\/wp-json\/wp\/v2\/media\/110396"}],"wp:attachment":[{"href":"https:\/\/www.europesays.com\/pt\/wp-json\/wp\/v2\/media?parent=110395"}],"wp:term":[{"taxonomy":"category","embeddable":true,"href":"https:\/\/www.europesays.com\/pt\/wp-json\/wp\/v2\/categories?post=110395"},{"taxonomy":"post_tag","embeddable":true,"href":"https:\/\/www.europesays.com\/pt\/wp-json\/wp\/v2\/tags?post=110395"}],"curies":[{"name":"wp","href":"https:\/\/api.w.org\/{rel}","templated":true}]}}