{"id":110399,"date":"2025-10-14T12:16:10","date_gmt":"2025-10-14T12:16:10","guid":{"rendered":"https:\/\/www.europesays.com\/pt\/110399\/"},"modified":"2025-10-14T12:16:10","modified_gmt":"2025-10-14T12:16:10","slug":"rui-moreira-e-o-mandatario-nacional-de-marques-mendes","status":"publish","type":"post","link":"https:\/\/www.europesays.com\/pt\/110399\/","title":{"rendered":"Rui Moreira \u00e9 o mandat\u00e1rio nacional de Marques Mendes"},"content":{"rendered":"<p>&#8220;\u00c9 f\u00e1cil explicar esta minha escolha. O doutor Rui Moreira \u00e9 uma personalidade independente, sem partido. Desta maneira, vai contribuir decisivamente para que a minha candidatura seja ainda mais alargada, mais abrangente e mais agregadora&#8221;, sustentou Lu\u00eds Marques Mendes.<\/p>\n<p data-remotead-prev-elm=\"true\" data-remotead-elm-id=\"inread\">O candidato social-democrata falava aos jornalistas \u00e0 margem de uma visita ao agrupamento de escolas Ferreira de Castro na freguesia de Algueir\u00e3o-Mem Martins, explicando que decidiu fazer este an\u00fancio hoje, j\u00e1 ap\u00f3s as elei\u00e7\u00f5es aut\u00e1rquicas de domingo.<\/p>\n","protected":false},"excerpt":{"rendered":"&#8220;\u00c9 f\u00e1cil explicar esta minha escolha. O doutor Rui Moreira \u00e9 uma personalidade independente, sem partido. Desta maneira,&hellip;\n","protected":false},"author":2,"featured_media":110400,"comment_status":"","ping_status":"","sticky":false,"template":"","format":"standard","meta":{"footnotes":""},"categories":[8],"tags":[27,28,15,16,14,25,26,17461,21,22,619,12,13,19,20,32,5215,23,24,33,4070,17,18,29,30,31],"class_list":{"0":"post-110399","1":"post","2":"type-post","3":"status-publish","4":"format-standard","5":"has-post-thumbnail","7":"category-principais-noticias","8":"tag-breaking-news","9":"tag-breakingnews","10":"tag-featured-news","11":"tag-featurednews","12":"tag-headlines","13":"tag-latest-news","14":"tag-latestnews","15":"tag-luis-marques-mendes","16":"tag-main-news","17":"tag-mainnews","18":"tag-nacional","19":"tag-news","20":"tag-noticias","21":"tag-noticias-principais","22":"tag-noticiasprincipais","23":"tag-portugal","24":"tag-presidenciais","25":"tag-principais-noticias","26":"tag-principaisnoticias","27":"tag-pt","28":"tag-rui-moreira","29":"tag-top-stories","30":"tag-topstories","31":"tag-ultimas","32":"tag-ultimas-noticias","33":"tag-ultimasnoticias"},"share_on_mastodon":{"url":"","error":""},"_links":{"self":[{"href":"https:\/\/www.europesays.com\/pt\/wp-json\/wp\/v2\/posts\/110399","targetHints":{"allow":["GET"]}}],"collection":[{"href":"https:\/\/www.europesays.com\/pt\/wp-json\/wp\/v2\/posts"}],"about":[{"href":"https:\/\/www.europesays.com\/pt\/wp-json\/wp\/v2\/types\/post"}],"author":[{"embeddable":true,"href":"https:\/\/www.europesays.com\/pt\/wp-json\/wp\/v2\/users\/2"}],"replies":[{"embeddable":true,"href":"https:\/\/www.europesays.com\/pt\/wp-json\/wp\/v2\/comments?post=110399"}],"version-history":[{"count":0,"href":"https:\/\/www.europesays.com\/pt\/wp-json\/wp\/v2\/posts\/110399\/revisions"}],"wp:featuredmedia":[{"embeddable":true,"href":"https:\/\/www.europesays.com\/pt\/wp-json\/wp\/v2\/media\/110400"}],"wp:attachment":[{"href":"https:\/\/www.europesays.com\/pt\/wp-json\/wp\/v2\/media?parent=110399"}],"wp:term":[{"taxonomy":"category","embeddable":true,"href":"https:\/\/www.europesays.com\/pt\/wp-json\/wp\/v2\/categories?post=110399"},{"taxonomy":"post_tag","embeddable":true,"href":"https:\/\/www.europesays.com\/pt\/wp-json\/wp\/v2\/tags?post=110399"}],"curies":[{"name":"wp","href":"https:\/\/api.w.org\/{rel}","templated":true}]}}