{"id":110410,"date":"2025-10-14T12:28:07","date_gmt":"2025-10-14T12:28:07","guid":{"rendered":"https:\/\/www.europesays.com\/pt\/110410\/"},"modified":"2025-10-14T12:28:07","modified_gmt":"2025-10-14T12:28:07","slug":"onu-estima-reconstrucao-de-gaza-em-60-mil-milhoes-de-euros-apos-guerra-devastadora","status":"publish","type":"post","link":"https:\/\/www.europesays.com\/pt\/110410\/","title":{"rendered":"ONU estima reconstru\u00e7\u00e3o de Gaza em 60 mil milh\u00f5es de euros ap\u00f3s guerra devastadora"},"content":{"rendered":"<p>A reconstru\u00e7\u00e3o da Faixa de Gaza custar\u00e1 pelo menos 60 mil milh\u00f5es de euros, 17 mil milh\u00f5es dos quais dever\u00e3o ser investidos nos pr\u00f3ximos tr\u00eas anos, anunciou hoje a ONU.<\/p>\n<p>A reconstru\u00e7\u00e3o completa de Gaza poder\u00e1 demorar d\u00e9cadas e depender\u00e1 em grande parte do fluxo de recursos atribu\u00eddos para este fim, referiu a ONU.<\/p>\n<p>O tempo que levar\u00e1 a reconstruir a regi\u00e3o depender\u00e1 dos donativos de v\u00e1rios pa\u00edses e do setor privado, segundo o representante do Programa de Assist\u00eancia ao Povo Palestiniano da ONU, Jaco Cilliers, que estima existirem cerca de 55 milh\u00f5es de toneladas de escombros criados pela destrui\u00e7\u00e3o de todos os tipos de infraestruturas durante dois anos de guerra.<\/p>\n<p>Na segunda-feira, come\u00e7ou a primeira confer\u00eancia internacional para a reconstru\u00e7\u00e3o de Gaza, perto de Londres, com a presen\u00e7a de representantes da Ar\u00e1bia Saudita, da Autoridade Palestiniana e de doadores internacionais.<\/p>\n<p>Israel e o movimento islamita palestiniano Hamas anunciaram, a 08 de outubro, um acordo de cessar-fogo na Faixa de Gaza, a primeira fase de um plano de paz proposto pelo Presidente norte-americano, Donald Trump, na sequ\u00eancia de negocia\u00e7\u00f5es indiretas mediadas tamb\u00e9m pelo Egito, Qatar e Turquia.<\/p>\n<p>A confer\u00eancia conta com &#8220;v\u00e1rios parceiros internacionais&#8221;, entre os quais a Alemanha, a It\u00e1lia, a Ar\u00e1bia Saudita, a Jord\u00e2nia e a Autoridade Palestiniana, bem como atores do setor privado e doadores internacionais, nomeadamente o Banco Europeu para a Reconstru\u00e7\u00e3o e o Desenvolvimento e o Banco Mundial.<\/p>\n<p>O objetivo \u00e9 &#8220;organizar os esfor\u00e7os cruciais de planeamento e coordena\u00e7\u00e3o para o p\u00f3s-guerra em Gaza&#8221;, numa reconstru\u00e7\u00e3o que ser\u00e1 &#8220;liderada pelos palestinianos&#8221;, referiu a organiza\u00e7\u00e3o em comunicado.<\/p>\n<p>A guerra na Faixa de Gaza foi desencadeada pelos ataques liderados pelo Hamas a 07 de outubro de 2023 no sul de Israel, nos quais morreram cerca de 1.200 pessoas e 251 foram feitas ref\u00e9ns.<\/p>\n<p>Em retalia\u00e7\u00e3o, Israel lan\u00e7ou uma opera\u00e7\u00e3o militar no enclave palestiniano que causou mais de 67.000 mortos e 170.000 feridos, na maioria civis, de acordo com dados do Minist\u00e9rio da Sa\u00fade local, tutelado pelo Hamas, considerados fidedignos pela ONU.<\/p>\n<p>De acordo com a ONU, mais de 90% das habita\u00e7\u00f5es foram danificadas ou destru\u00eddas.<\/p>\n","protected":false},"excerpt":{"rendered":"A reconstru\u00e7\u00e3o da Faixa de Gaza custar\u00e1 pelo menos 60 mil milh\u00f5es de euros, 17 mil milh\u00f5es dos&hellip;\n","protected":false},"author":2,"featured_media":110411,"comment_status":"","ping_status":"","sticky":false,"template":"","format":"standard","meta":{"footnotes":""},"categories":[50],"tags":[27,28,15,16,14,25,26,21,22,62,12,13,19,20,23,24,17,18,29,30,31,63,64,65],"class_list":{"0":"post-110410","1":"post","2":"type-post","3":"status-publish","4":"format-standard","5":"has-post-thumbnail","7":"category-mundo","8":"tag-breaking-news","9":"tag-breakingnews","10":"tag-featured-news","11":"tag-featurednews","12":"tag-headlines","13":"tag-latest-news","14":"tag-latestnews","15":"tag-main-news","16":"tag-mainnews","17":"tag-mundo","18":"tag-news","19":"tag-noticias","20":"tag-noticias-principais","21":"tag-noticiasprincipais","22":"tag-principais-noticias","23":"tag-principaisnoticias","24":"tag-top-stories","25":"tag-topstories","26":"tag-ultimas","27":"tag-ultimas-noticias","28":"tag-ultimasnoticias","29":"tag-world","30":"tag-world-news","31":"tag-worldnews"},"share_on_mastodon":{"url":"","error":""},"_links":{"self":[{"href":"https:\/\/www.europesays.com\/pt\/wp-json\/wp\/v2\/posts\/110410","targetHints":{"allow":["GET"]}}],"collection":[{"href":"https:\/\/www.europesays.com\/pt\/wp-json\/wp\/v2\/posts"}],"about":[{"href":"https:\/\/www.europesays.com\/pt\/wp-json\/wp\/v2\/types\/post"}],"author":[{"embeddable":true,"href":"https:\/\/www.europesays.com\/pt\/wp-json\/wp\/v2\/users\/2"}],"replies":[{"embeddable":true,"href":"https:\/\/www.europesays.com\/pt\/wp-json\/wp\/v2\/comments?post=110410"}],"version-history":[{"count":0,"href":"https:\/\/www.europesays.com\/pt\/wp-json\/wp\/v2\/posts\/110410\/revisions"}],"wp:featuredmedia":[{"embeddable":true,"href":"https:\/\/www.europesays.com\/pt\/wp-json\/wp\/v2\/media\/110411"}],"wp:attachment":[{"href":"https:\/\/www.europesays.com\/pt\/wp-json\/wp\/v2\/media?parent=110410"}],"wp:term":[{"taxonomy":"category","embeddable":true,"href":"https:\/\/www.europesays.com\/pt\/wp-json\/wp\/v2\/categories?post=110410"},{"taxonomy":"post_tag","embeddable":true,"href":"https:\/\/www.europesays.com\/pt\/wp-json\/wp\/v2\/tags?post=110410"}],"curies":[{"name":"wp","href":"https:\/\/api.w.org\/{rel}","templated":true}]}}