{"id":110416,"date":"2025-10-14T12:32:09","date_gmt":"2025-10-14T12:32:09","guid":{"rendered":"https:\/\/www.europesays.com\/pt\/110416\/"},"modified":"2025-10-14T12:32:09","modified_gmt":"2025-10-14T12:32:09","slug":"ha-3-artistas-a-concorrer-para-representar-portugal-em-veneza-quem-sao","status":"publish","type":"post","link":"https:\/\/www.europesays.com\/pt\/110416\/","title":{"rendered":"H\u00e1 3 artistas a concorrer para representar Portugal em Veneza. Quem s\u00e3o?"},"content":{"rendered":"<p>De acordo com comunicado publicado no &#8216;site&#8217; da DGArtes, a sele\u00e7\u00e3o do projeto vencedor vai acontecer at\u00e9 10 de novembro, havendo um montante dispon\u00edvel para a participa\u00e7\u00e3o em Veneza de 425 mil euros.<\/p>\n<p>Alexandre Estrela prop\u00f5e &#8216;RedSkyFalls&#8217; (t\u00edtulo de uma obra do artista de 2019), enquanto o projeto de Pedro Barateiro se intitula &#8216;Truvadores&#8217; e o de Mikhail Karikis tem o nome de &#8216;Universo de Solu\u00e7\u00f5es&#8217; (t\u00edtulo de um projeto concebido para a rede de Cidades Criativas da UNESCO em Braga, segundo o &#8216;site&#8217; do artista).<\/p>\n<p>&#8220;As propostas selecionadas respondem ao tema geral da Bienal de Veneza, &#8216;ln Minor Keys&#8217;, lan\u00e7ado pela curadora geral Koyo Kouoh, n\u00e3o tanto como um enquadramento literal, mas antes pela sua capacidade de fazer ressoar e expandir o mote da exposi\u00e7\u00e3o&#8221;, acrescentou a DGArtes.<\/p>\n<p>O grupo de trabalho que selecionou os tr\u00eas projetos ser\u00e1 o mesmo que vai escolher o vencedor e \u00e9 constitu\u00eddo por Andreia Magalh\u00e3es, Joaquim Moreno, Jos\u00e9 Bragan\u00e7a de Miranda e Nuno Faria.<\/p>\n<p>A chamada de manifesta\u00e7\u00e3o de interesse para Veneza abriu no final de julho e recebeu propostas at\u00e9 ao dia 28 de agosto.<\/p>\n<p>H\u00e1 um ano, o minist\u00e9rio da Cultura, ent\u00e3o liderado por Dalila Rodrigues, anunciou que a apresenta\u00e7\u00e3o de candidaturas para representar Portugal na Bienal de Veneza deixaria de ser por convite e passaria a ser em modelo aberto a todos os interessados a partir de 2025.<\/p>\n<p>Al\u00e9m da altera\u00e7\u00e3o do modelo de sele\u00e7\u00e3o da representa\u00e7\u00e3o, &#8220;de forma a garantir uma participa\u00e7\u00e3o ampla&#8221;, a tutela anunciou tamb\u00e9m, na altura, em comunicado, uma nova localiza\u00e7\u00e3o do Pavilh\u00e3o de Portugal, que deixou o Palazzo Franchetti, no Grande Canal de Veneza, pelo t\u00e9rmino do contrato de arrendamento, e regressaria ao Fondaco Marcello, junto ao Grande Canal.<\/p>\n<p>A pr\u00f3xima Bienal de Arte de Veneza &#8211; que vai decorrer sob o tema &#8216;In Minor Keys&#8217; (&#8216;Em Tons Menores&#8217;, em tradu\u00e7\u00e3o livre), desenhada pela curadora Koyo Kouoh, falecida em maio deste ano &#8211; apresentar\u00e1 uma vis\u00e3o transformadora da arte num &#8220;sussurro po\u00e9tico&#8221; de resist\u00eancia, introspe\u00e7\u00e3o e alegria perante tempos de exaust\u00e3o global, segundo a organiza\u00e7\u00e3o do evento em It\u00e1lia.<\/p>\n<p>A mostra ir\u00e1 decorrer de 09 de maio a 22 de novembro de 2026, com pr\u00e9-inaugura\u00e7\u00e3o nos dias 07 e 08 de maio, nos Jardins, no Arsenal e noutros locais do centro de Veneza.<\/p>\n<p>Leia Tamb\u00e9m: <a href=\"https:\/\/www.noticiasaominuto.com\/cultura\/2870260\/as-secretarias-estreia-se-nos-jardins-do-bombarda\" target=\"_blank\" rel=\"noreferrer noopener nofollow\">&#8216;As secret\u00e1rias&#8217; estreia-se nos Jardins do Bombarda<\/a><\/p>\n","protected":false},"excerpt":{"rendered":"De acordo com comunicado publicado no &#8216;site&#8217; da DGArtes, a sele\u00e7\u00e3o do projeto vencedor vai acontecer at\u00e9 10&hellip;\n","protected":false},"author":2,"featured_media":110417,"comment_status":"","ping_status":"","sticky":false,"template":"","format":"standard","meta":{"footnotes":""},"categories":[144],"tags":[207,205,206,203,201,202,204,114,115,32,33],"class_list":{"0":"post-110416","1":"post","2":"type-post","3":"status-publish","4":"format-standard","5":"has-post-thumbnail","7":"category-arte-e-design","8":"tag-arte","9":"tag-arte-e-design","10":"tag-artedesign","11":"tag-arts","12":"tag-arts-and-design","13":"tag-artsanddesign","14":"tag-design","15":"tag-entertainment","16":"tag-entretenimento","17":"tag-portugal","18":"tag-pt"},"share_on_mastodon":{"url":"","error":""},"_links":{"self":[{"href":"https:\/\/www.europesays.com\/pt\/wp-json\/wp\/v2\/posts\/110416","targetHints":{"allow":["GET"]}}],"collection":[{"href":"https:\/\/www.europesays.com\/pt\/wp-json\/wp\/v2\/posts"}],"about":[{"href":"https:\/\/www.europesays.com\/pt\/wp-json\/wp\/v2\/types\/post"}],"author":[{"embeddable":true,"href":"https:\/\/www.europesays.com\/pt\/wp-json\/wp\/v2\/users\/2"}],"replies":[{"embeddable":true,"href":"https:\/\/www.europesays.com\/pt\/wp-json\/wp\/v2\/comments?post=110416"}],"version-history":[{"count":0,"href":"https:\/\/www.europesays.com\/pt\/wp-json\/wp\/v2\/posts\/110416\/revisions"}],"wp:featuredmedia":[{"embeddable":true,"href":"https:\/\/www.europesays.com\/pt\/wp-json\/wp\/v2\/media\/110417"}],"wp:attachment":[{"href":"https:\/\/www.europesays.com\/pt\/wp-json\/wp\/v2\/media?parent=110416"}],"wp:term":[{"taxonomy":"category","embeddable":true,"href":"https:\/\/www.europesays.com\/pt\/wp-json\/wp\/v2\/categories?post=110416"},{"taxonomy":"post_tag","embeddable":true,"href":"https:\/\/www.europesays.com\/pt\/wp-json\/wp\/v2\/tags?post=110416"}],"curies":[{"name":"wp","href":"https:\/\/api.w.org\/{rel}","templated":true}]}}