{"id":110420,"date":"2025-10-14T12:34:11","date_gmt":"2025-10-14T12:34:11","guid":{"rendered":"https:\/\/www.europesays.com\/pt\/110420\/"},"modified":"2025-10-14T12:34:11","modified_gmt":"2025-10-14T12:34:11","slug":"ja-soma-oito-vitorias-em-outubro","status":"publish","type":"post","link":"https:\/\/www.europesays.com\/pt\/110420\/","title":{"rendered":"j\u00e1 soma oito vit\u00f3rias em outubro"},"content":{"rendered":"<p><a href=\"https:\/\/tvi.iol.pt\/\" rel=\"nofollow noopener\" target=\"_blank\">TVI <\/a>volta a vencer nas audi\u00eancias e refor\u00e7a lideran\u00e7a: j\u00e1 soma oito vit\u00f3rias em outubro, deixando a rival atr\u00e1s.<\/p>\n<p>O canal de Queluz continua impar\u00e1vel<\/p>\n<p>A <strong>TVI<\/strong> voltou a conquistar o primeiro lugar nas audi\u00eancias deste domingo, <strong>12 de outubro<\/strong>, ao registar <strong>14,9% de share<\/strong>. Esta foi j\u00e1 <strong>a oitava vit\u00f3ria do canal neste m\u00eas<\/strong>, consolidando assim a lideran\u00e7a nas prefer\u00eancias dos portugueses.<\/p>\n<p>Por sua vez, a <strong>SIC<\/strong> manteve-se na segunda posi\u00e7\u00e3o com <strong>12,7% de share<\/strong>, somando apenas <strong>duas vit\u00f3rias em outubro<\/strong>, sendo a mais recente <strong>no dia 4<\/strong>.<\/p>\n<p>RTP1 perde for\u00e7a ap\u00f3s lideran\u00e7a de s\u00e1bado<\/p>\n<p>Depois de ter sido a esta\u00e7\u00e3o mais vista no s\u00e1bado, impulsionada pela transmiss\u00e3o do <strong>Portugal \u2013 Irlanda<\/strong>, a <strong>RTP1<\/strong> desceu para os <strong>9,8% de share<\/strong> no domingo, registando uma quebra significativa.<\/p>\n<p>Al\u00e9m disso, houve um <strong>empate entre a SIC e a TVI<\/strong> no <strong>dia 8 de outubro<\/strong>, o que demonstra uma disputa cada vez mais acesa entre as duas esta\u00e7\u00f5es privadas.<\/p>\n<p>TVI domina o m\u00eas de outubro<\/p>\n<p>Recorde-se que, em setembro, os resultados foram divididos: <strong>a TVI venceu nas audi\u00eancias normais<\/strong>, enquanto <strong>a SIC liderou no consolidado<\/strong>.<br \/>Contudo, neste novo m\u00eas, o cen\u00e1rio tem sido claramente favor\u00e1vel ao canal de Queluz de Baixo.<\/p>\n<p><strong>Outubro, para j\u00e1, \u00e9 da TVI<\/strong>, que se afirma como a grande vencedora das audi\u00eancias televisivas em Portugal.<\/p>\n<p><a href=\"https:\/\/news.google.com\/publications\/CAAqBwgKMKfIoAswtNK4Aw\" target=\"_blank\" rel=\"noopener noreferrer nofollow\"><img loading=\"lazy\" data-lazyloaded=\"1\" width=\"481\" height=\"161\" decoding=\"async\" src=\"\/wp-content\/uploads\/2024\/02\/GN_siganos.png\" alt=\"Siga-nos no Google News\" style=\"margin-top:20px;\"\/><\/a><\/p>\n","protected":false},"excerpt":{"rendered":"TVI volta a vencer nas audi\u00eancias e refor\u00e7a lideran\u00e7a: j\u00e1 soma oito vit\u00f3rias em outubro, deixando a rival&hellip;\n","protected":false},"author":2,"featured_media":68432,"comment_status":"","ping_status":"","sticky":false,"template":"","format":"standard","meta":{"footnotes":""},"categories":[142],"tags":[114,115,32,33,1751,151,162],"class_list":{"0":"post-110420","1":"post","2":"type-post","3":"status-publish","4":"format-standard","5":"has-post-thumbnail","7":"category-tv","8":"tag-entertainment","9":"tag-entretenimento","10":"tag-portugal","11":"tag-pt","12":"tag-sic","13":"tag-tv","14":"tag-tvi"},"share_on_mastodon":{"url":"","error":""},"_links":{"self":[{"href":"https:\/\/www.europesays.com\/pt\/wp-json\/wp\/v2\/posts\/110420","targetHints":{"allow":["GET"]}}],"collection":[{"href":"https:\/\/www.europesays.com\/pt\/wp-json\/wp\/v2\/posts"}],"about":[{"href":"https:\/\/www.europesays.com\/pt\/wp-json\/wp\/v2\/types\/post"}],"author":[{"embeddable":true,"href":"https:\/\/www.europesays.com\/pt\/wp-json\/wp\/v2\/users\/2"}],"replies":[{"embeddable":true,"href":"https:\/\/www.europesays.com\/pt\/wp-json\/wp\/v2\/comments?post=110420"}],"version-history":[{"count":0,"href":"https:\/\/www.europesays.com\/pt\/wp-json\/wp\/v2\/posts\/110420\/revisions"}],"wp:featuredmedia":[{"embeddable":true,"href":"https:\/\/www.europesays.com\/pt\/wp-json\/wp\/v2\/media\/68432"}],"wp:attachment":[{"href":"https:\/\/www.europesays.com\/pt\/wp-json\/wp\/v2\/media?parent=110420"}],"wp:term":[{"taxonomy":"category","embeddable":true,"href":"https:\/\/www.europesays.com\/pt\/wp-json\/wp\/v2\/categories?post=110420"},{"taxonomy":"post_tag","embeddable":true,"href":"https:\/\/www.europesays.com\/pt\/wp-json\/wp\/v2\/tags?post=110420"}],"curies":[{"name":"wp","href":"https:\/\/api.w.org\/{rel}","templated":true}]}}