{"id":110453,"date":"2025-10-14T13:10:10","date_gmt":"2025-10-14T13:10:10","guid":{"rendered":"https:\/\/www.europesays.com\/pt\/110453\/"},"modified":"2025-10-14T13:10:10","modified_gmt":"2025-10-14T13:10:10","slug":"scaloni-atualiza-situacao-de-messi","status":"publish","type":"post","link":"https:\/\/www.europesays.com\/pt\/110453\/","title":{"rendered":"Scaloni atualiza situa\u00e7\u00e3o de Messi"},"content":{"rendered":"<p>De regresso \u00e0 concentra\u00e7\u00e3o da sele\u00e7\u00e3o argentina, Lionel <a class=\"autolink-enabled\" data-resource-id=\"3399\" data-resource-type=\"player\" data-sport=\"football\" href=\"https:\/\/www.abola.pt\/futebol\/jogador\/messi-3399\" rel=\"nofollow noopener\" target=\"_blank\">Messi<\/a> poder\u00e1 ser op\u00e7\u00e3o para o particular diante de <a class=\"autolink-enabled\" data-resource-id=\"5441\" data-resource-type=\"team\" data-sport=\"football\" href=\"https:\/\/www.abola.pt\/futebol\/porto-rico-5441\" rel=\"nofollow noopener\" target=\"_blank\">Porto Rico<\/a>, agendado para a madrugada desta quarta-feira, em Miami.<\/p>\n<p>O capit\u00e3o da albiceleste foi convocado por Lionel Scaloni para o duplo compromisso de outubro, mas acabou por n\u00e3o jogar diante da <a class=\"autolink-enabled\" data-resource-id=\"1921\" data-resource-type=\"team\" data-sport=\"football\" href=\"https:\/\/www.abola.pt\/futebol\/venezuela-1921\" rel=\"nofollow noopener\" target=\"_blank\">Venezuela<\/a>. Em vez disso, regressou ao clube e foi op\u00e7\u00e3o na goleada do <a class=\"autolink-enabled\" data-resource-id=\"22305\" data-resource-type=\"team\" data-sport=\"football\" href=\"https:\/\/www.abola.pt\/futebol\/inter-miami-22305\" rel=\"nofollow noopener\" target=\"_blank\">Inter Miami<\/a> na rece\u00e7\u00e3o ao Atlanta United, na qual fez dois golos e uma assist\u00eancia.<\/p>\n<p>Agora, poder\u00e1 ser op\u00e7\u00e3o para o segundo jogo da <a class=\"autolink-enabled\" data-resource-id=\"2153\" data-resource-type=\"team\" data-sport=\"football\" href=\"https:\/\/www.abola.pt\/futebol\/argentina-2153\" rel=\"nofollow noopener\" target=\"_blank\">Argentina<\/a> nesta janela internacional, revelou Lionel Scaloni.<\/p>\n<p>\u00abVi o Messi jogar no s\u00e1bado e ele esteve bem. Ainda n\u00e3o falei com ele. Temos agora o \u00faltimo treino antes do jogo de amanh\u00e3. Se estiver em condi\u00e7\u00f5es, estar\u00e1 em campo\u00bb, afirmou o selecionador argentino, \u00e0 imprensa.<\/p>\n<p>Quem tamb\u00e9m poder\u00e1 ser op\u00e7\u00e3o \u00e9 <a class=\"autolink-enabled\" data-resource-id=\"1978\" data-resource-type=\"player\" data-sport=\"football\" href=\"https:\/\/www.abola.pt\/futebol\/jogador\/nicolas-otamendi-1978\" rel=\"nofollow noopener\" target=\"_blank\">Otamendi<\/a>, defesa do <a class=\"autolink-enabled\" data-resource-id=\"450\" data-resource-type=\"team\" data-sport=\"football\" href=\"https:\/\/www.abola.pt\/futebol\/benfica-450\" rel=\"nofollow noopener\" target=\"_blank\">Benfica<\/a> que ficou igualmente de fora no triunfo com a Venezuela e espreita agora minutos, a tr\u00eas dias da desloca\u00e7\u00e3o das \u00e1guias a Chaves, para a <a class=\"autolink-enabled\" data-resource-id=\"112\" data-resource-type=\"competition\" data-sport=\"football\" href=\"https:\/\/www.abola.pt\/futebol\/competicao\/taca-de-portugal-112\" rel=\"nofollow noopener\" target=\"_blank\">Ta\u00e7a de Portugal<\/a>.<\/p>\n<p><a target=\"_blank\" class=\"editor-link Hyperlink SCXW255129918 BCX8\" href=\"https:\/\/profile.google.com\/cp\/CgkvbS8wNWNjOHQ?pf=0\" rel=\"nofollow noopener\">Siga o perfil de <strong>A BOLA<\/strong> no Google<\/a><\/p>\n","protected":false},"excerpt":{"rendered":"De regresso \u00e0 concentra\u00e7\u00e3o da sele\u00e7\u00e3o argentina, Lionel Messi poder\u00e1 ser op\u00e7\u00e3o para o particular diante de Porto&hellip;\n","protected":false},"author":2,"featured_media":110454,"comment_status":"","ping_status":"","sticky":false,"template":"","format":"standard","meta":{"footnotes":""},"categories":[87],"tags":[135,32,33,134],"class_list":{"0":"post-110453","1":"post","2":"type-post","3":"status-publish","4":"format-standard","5":"has-post-thumbnail","7":"category-desporto","8":"tag-desporto","9":"tag-portugal","10":"tag-pt","11":"tag-sports"},"share_on_mastodon":{"url":"","error":""},"_links":{"self":[{"href":"https:\/\/www.europesays.com\/pt\/wp-json\/wp\/v2\/posts\/110453","targetHints":{"allow":["GET"]}}],"collection":[{"href":"https:\/\/www.europesays.com\/pt\/wp-json\/wp\/v2\/posts"}],"about":[{"href":"https:\/\/www.europesays.com\/pt\/wp-json\/wp\/v2\/types\/post"}],"author":[{"embeddable":true,"href":"https:\/\/www.europesays.com\/pt\/wp-json\/wp\/v2\/users\/2"}],"replies":[{"embeddable":true,"href":"https:\/\/www.europesays.com\/pt\/wp-json\/wp\/v2\/comments?post=110453"}],"version-history":[{"count":0,"href":"https:\/\/www.europesays.com\/pt\/wp-json\/wp\/v2\/posts\/110453\/revisions"}],"wp:featuredmedia":[{"embeddable":true,"href":"https:\/\/www.europesays.com\/pt\/wp-json\/wp\/v2\/media\/110454"}],"wp:attachment":[{"href":"https:\/\/www.europesays.com\/pt\/wp-json\/wp\/v2\/media?parent=110453"}],"wp:term":[{"taxonomy":"category","embeddable":true,"href":"https:\/\/www.europesays.com\/pt\/wp-json\/wp\/v2\/categories?post=110453"},{"taxonomy":"post_tag","embeddable":true,"href":"https:\/\/www.europesays.com\/pt\/wp-json\/wp\/v2\/tags?post=110453"}],"curies":[{"name":"wp","href":"https:\/\/api.w.org\/{rel}","templated":true}]}}