{"id":110513,"date":"2025-10-14T14:03:39","date_gmt":"2025-10-14T14:03:39","guid":{"rendered":"https:\/\/www.europesays.com\/pt\/110513\/"},"modified":"2025-10-14T14:03:39","modified_gmt":"2025-10-14T14:03:39","slug":"ana-abrunhosa-vence-e-ps-reconquista-coimbra-observador","status":"publish","type":"post","link":"https:\/\/www.europesays.com\/pt\/110513\/","title":{"rendered":"Ana Abrunhosa vence e PS reconquista Coimbra \u2013 Observador"},"content":{"rendered":"<p>Foi uma vit\u00f3ria que n\u00e3o \u201csurpreendeu\u201d Ana Abrunhosa. A candidata independente apoiada pelo PS, Livre e PAN conquistou 42,1% dos votos em Coimbra e venceu este domingo a autarquia, ap\u00f3s quatro anos em que o concelho foi governado por Jos\u00e9 Manuel Silva, da coliga\u00e7\u00e3o Juntos Somos Coimbra, que se ficou este domingo pelos 37,8%.<\/p>\n<p>Ana Abrunhosa n\u00e3o conquistou, no entanto, a maioria absoluta no executivo camar\u00e1rio. A coliga\u00e7\u00e3o que junta PS, Livre e PAN obteve <strong>cinco mandatos<\/strong>, os mesmos do que a coliga\u00e7\u00e3o Juntos Somos Coimbra. O Chega ficou em terceiro (8,17%) e conquistou um mandato, ao passo que a CDU sai do elenco de eleitos para a C\u00e2mara com 4,78%. Em quinto lugar ficou o Bloco de Esquerda, com 2,86%, cujo cabe\u00e7a de lista era o antigo dirigente bloquista, Jos\u00e9 Manuel Pureza.<\/p>\n<p>Aos jornalistas, mesmo antes de os resultados serem divulgada na \u00edntegra, Ana Abrunhosa confirmou a vit\u00f3ria e garantiu que Coimbra \u201cvai mudar de vida e ter mais ambi\u00e7\u00e3o e mais coragem nas decis\u00f5es pol\u00edticas\u201d. <strong>A nova presidente da autarquia apontou a habita\u00e7\u00e3o como grande aposta da coliga\u00e7\u00e3o<\/strong> e prometeu combater as \u201cterr\u00edveis\u201d assimetrias de Coimbra, colocando a cria\u00e7\u00e3o de creches, a sa\u00fade nas freguesias e a descentraliza\u00e7\u00e3o de servi\u00e7os tamb\u00e9m como prioridades.<\/p>\n<p>Discursando para os muitos apoiantes que se juntaram na Rua Visconde da Luz, na Baixa de Coimbra, em frente \u00e0 sede de campanha, Ana\u00a0Abrunhosa disse que o seu mandato vai ser marcado pela proximidade e pelo estabelecimento de pontes para resolver os problemas.\u00a0<strong>\u201cTemos de ser muito pr\u00f3ximos\u201d, <\/strong>sublinhou a antiga ministra socialista da Coes\u00e3o Territorial, que n\u00e3o se mostrou surpreendida pela vit\u00f3ria alcan\u00e7ada que colocou fim a apenas quatro anos de governa\u00e7\u00e3o de Jos\u00e9 Manuel Silva. <strong>\u201cA vit\u00f3ria n\u00e3o me surpreendeu porque a rua falava connosco\u201d<\/strong>, enfatizou.<\/p>\n<p>Salientando que a vit\u00f3ria \u201c\u00e9 uma grande responsabilidade\u201d, a nova presidente da autarquia quer uma C\u00e2mara \u201cde portas abertas para resolver os problemas das pessoas\u201d. Na sua interven\u00e7\u00e3o, Ana\u00a0Abrunhosa frisou tamb\u00e9m que o seu programa eleitoral foi elaborado a \u201couvir Coimbra\u201d e que a vit\u00f3ria \u00e9 o resultado de \u201cmuitos meses de trabalho\u201d. O trabalho, prometeu a ex-ministra do PS, vai come\u00e7ar \u201cnos pr\u00f3ximos dias\u201d.<\/p>\n<p>Por sua vez, a candidato da coliga\u00e7\u00e3o Juntos Somos Coimbra (PSD, CDS, N\u00f3s, Cidad\u00e3os!\/PPM\/Volt\/MPT), Jos\u00e9 Manuel Silva, assumiu a total responsabilidade por ter falhado a reelei\u00e7\u00e3o para um segundo mandato e vincou que deixou em desenvolvimento o concelho que encontrou h\u00e1 quatro anos em decl\u00ednio. \u201cNaturalmente que assumo totalmente a responsabilidade deste resultado. <strong>N\u00e3o terei sabido comunicar adequadamente o trabalho que esta magn\u00edfica equipa foi fazendo, mas \u00e9 assim mesmo\u201d<\/strong>, referiu.<\/p>\n<p>Numa sala de um hotel da cidade de Coimbra, onde montou o seu quartel-general para as elei\u00e7\u00f5es de domingo, o antigo baston\u00e1rio da Ordem dos M\u00e9dicos sublinhou que o povo decide sempre sabiamente, desejando \u201cas maiores felicidades\u201d \u00e0 sua sucessora Ana Abrunhosa. \u201cEstes quatro anos foram particularmente dif\u00edceis. Peg\u00e1mos num concelho em decl\u00ednio, deix\u00e1mos um concelho em desenvolvimento. Devemos estar todos orgulhosos do trabalho que foi feito e resta, naturalmente, continuar o nosso caminho, agora de volta \u00e0s nossas vidas particulares e esperar que Coimbra continue neste ciclo de desenvolvimento.\u201d<\/p>\n<p><strong>\u201cParto com a consci\u00eancia de ter feito o melhor que sabia<\/strong> e, sobretudo, com a consci\u00eancia de que tudo aquilo que foi feito, foi feito gra\u00e7as a uma equipa excecional de gente boa, empenhada, competente, dedicada, que percorreu estes quatro anos de enorme exig\u00eancia, mas que sai da C\u00e2mara Municipal, em termos de poder executivo, com a cabe\u00e7a levantada\u201d, rematou.<\/p>\n<p>                            Se tiver uma hist\u00f3ria que queira partilhar sobre irregularidades na sua autarquia, preencha<br \/>\n                            <a href=\"https:\/\/forms.gle\/uQ1gDpSwmRd7ezUf8\" target=\"_blank\" rel=\"noopener noreferrer nofollow\">este formul\u00e1rio an\u00f3nimo<\/a>.<\/p>\n","protected":false},"excerpt":{"rendered":"Foi uma vit\u00f3ria que n\u00e3o \u201csurpreendeu\u201d Ana Abrunhosa. A candidata independente apoiada pelo PS, Livre e PAN conquistou&hellip;\n","protected":false},"author":2,"featured_media":110514,"comment_status":"","ping_status":"","sticky":false,"template":"","format":"standard","meta":{"footnotes":""},"categories":[10],"tags":[2163,27,28,1911,1077,15,16,14,25,26,21,22,12,13,19,20,57,302,32,23,24,455,33,58,17,18,29,30,31],"class_list":{"0":"post-110513","1":"post","2":"type-post","3":"status-publish","4":"format-standard","5":"has-post-thumbnail","7":"category-portugal","8":"tag-autu00e1rquicas-2025","9":"tag-breaking-news","10":"tag-breakingnews","11":"tag-coimbra","12":"tag-eleiu00e7u00f5es","13":"tag-featured-news","14":"tag-featurednews","15":"tag-headlines","16":"tag-latest-news","17":"tag-latestnews","18":"tag-main-news","19":"tag-mainnews","20":"tag-news","21":"tag-noticias","22":"tag-noticias-principais","23":"tag-noticiasprincipais","24":"tag-pau00eds","25":"tag-polu00edtica","26":"tag-portugal","27":"tag-principais-noticias","28":"tag-principaisnoticias","29":"tag-ps","30":"tag-pt","31":"tag-sociedade","32":"tag-top-stories","33":"tag-topstories","34":"tag-ultimas","35":"tag-ultimas-noticias","36":"tag-ultimasnoticias"},"share_on_mastodon":{"url":"","error":""},"_links":{"self":[{"href":"https:\/\/www.europesays.com\/pt\/wp-json\/wp\/v2\/posts\/110513","targetHints":{"allow":["GET"]}}],"collection":[{"href":"https:\/\/www.europesays.com\/pt\/wp-json\/wp\/v2\/posts"}],"about":[{"href":"https:\/\/www.europesays.com\/pt\/wp-json\/wp\/v2\/types\/post"}],"author":[{"embeddable":true,"href":"https:\/\/www.europesays.com\/pt\/wp-json\/wp\/v2\/users\/2"}],"replies":[{"embeddable":true,"href":"https:\/\/www.europesays.com\/pt\/wp-json\/wp\/v2\/comments?post=110513"}],"version-history":[{"count":0,"href":"https:\/\/www.europesays.com\/pt\/wp-json\/wp\/v2\/posts\/110513\/revisions"}],"wp:featuredmedia":[{"embeddable":true,"href":"https:\/\/www.europesays.com\/pt\/wp-json\/wp\/v2\/media\/110514"}],"wp:attachment":[{"href":"https:\/\/www.europesays.com\/pt\/wp-json\/wp\/v2\/media?parent=110513"}],"wp:term":[{"taxonomy":"category","embeddable":true,"href":"https:\/\/www.europesays.com\/pt\/wp-json\/wp\/v2\/categories?post=110513"},{"taxonomy":"post_tag","embeddable":true,"href":"https:\/\/www.europesays.com\/pt\/wp-json\/wp\/v2\/tags?post=110513"}],"curies":[{"name":"wp","href":"https:\/\/api.w.org\/{rel}","templated":true}]}}