{"id":110530,"date":"2025-10-14T14:18:11","date_gmt":"2025-10-14T14:18:11","guid":{"rendered":"https:\/\/www.europesays.com\/pt\/110530\/"},"modified":"2025-10-14T14:18:11","modified_gmt":"2025-10-14T14:18:11","slug":"lamento-mas-o-chega-continua-a-crescer-no-cadaver-da-esquerda","status":"publish","type":"post","link":"https:\/\/www.europesays.com\/pt\/110530\/","title":{"rendered":"Lamento, mas o Chega continua a crescer no cad\u00e1ver da esquerda"},"content":{"rendered":"<p>Temos de ter cuidado com as perce\u00e7\u00f5es. Da tasca chegana, o Ventura engoliu um garraf\u00e3o de hubris, uma zurrapa cl\u00e1ssica do ego pol\u00edtico, e disse ao pa\u00eds que queria 30 c\u00e2maras e que jamais ficaria atr\u00e1s do CDS e PCP. Espetou-se e d\u00e1 um certo gozo ver o menino do refluxo a engolir, al\u00e9m do refluxo, o ego. Mas a realidade objetiva das coisas diz algo muito frio e objetivo, <a href=\"https:\/\/observador.pt\/liveblogs\/psd-e-ps-repartem-freguesias-de-lisboa-cdu-mantem-carnide-sociais-democratas-aumentam-camaras-em-aveiro-e-nos-acores\/\" rel=\"nofollow noopener\" target=\"_blank\">como percebeu Pedro Nuno Santos<\/a>.<\/p>\n<p><a href=\"https:\/\/expresso.pt\/subscrever?action=GEN&amp;channel=VID&amp;type=CAP&amp;source=WEB&amp;returnUrl=https:\/\/expresso.pt\/opiniao\/2025-10-14-lamento-mas-o-chega-continua-a-crescer-no-cadaver-da-esquerda-0d8c22eb&amp;utm_source=expresso&amp;utm_medium=locked_article&amp;locked=true&amp;article_id=c9462a96-6e76-4e83-ac46-c1a4b8d41be8&amp;author_id=Henrique+Raposo&amp;category=Opini\u00e3o\" target=\"_self\" class=\"\" rel=\"nofollow noopener\">Subscrever<\/a>J\u00e1 \u00e9 Subscritor?Fa\u00e7a login e continue a ler<a href=\"http:\/\/expresso.pt\/codigo?redirectUrl=https:\/\/expresso.pt\/opiniao\/2025-10-14-lamento-mas-o-chega-continua-a-crescer-no-cadaver-da-esquerda-0d8c22eb\" target=\"_self\" class=\"\" rel=\"nofollow noopener\">Inserir C\u00f3digo<\/a>Comprou o Expresso?Insira o c\u00f3digo presente na Revista E para continuar a ler<\/p>\n","protected":false},"excerpt":{"rendered":"Temos de ter cuidado com as perce\u00e7\u00f5es. Da tasca chegana, o Ventura engoliu um garraf\u00e3o de hubris, uma&hellip;\n","protected":false},"author":2,"featured_media":110531,"comment_status":"","ping_status":"","sticky":false,"template":"","format":"standard","meta":{"footnotes":""},"categories":[8],"tags":[27,28,15,16,14,25,26,21,22,12,13,19,20,32,23,24,33,17,18,29,30,31],"class_list":{"0":"post-110530","1":"post","2":"type-post","3":"status-publish","4":"format-standard","5":"has-post-thumbnail","7":"category-principais-noticias","8":"tag-breaking-news","9":"tag-breakingnews","10":"tag-featured-news","11":"tag-featurednews","12":"tag-headlines","13":"tag-latest-news","14":"tag-latestnews","15":"tag-main-news","16":"tag-mainnews","17":"tag-news","18":"tag-noticias","19":"tag-noticias-principais","20":"tag-noticiasprincipais","21":"tag-portugal","22":"tag-principais-noticias","23":"tag-principaisnoticias","24":"tag-pt","25":"tag-top-stories","26":"tag-topstories","27":"tag-ultimas","28":"tag-ultimas-noticias","29":"tag-ultimasnoticias"},"share_on_mastodon":{"url":"","error":""},"_links":{"self":[{"href":"https:\/\/www.europesays.com\/pt\/wp-json\/wp\/v2\/posts\/110530","targetHints":{"allow":["GET"]}}],"collection":[{"href":"https:\/\/www.europesays.com\/pt\/wp-json\/wp\/v2\/posts"}],"about":[{"href":"https:\/\/www.europesays.com\/pt\/wp-json\/wp\/v2\/types\/post"}],"author":[{"embeddable":true,"href":"https:\/\/www.europesays.com\/pt\/wp-json\/wp\/v2\/users\/2"}],"replies":[{"embeddable":true,"href":"https:\/\/www.europesays.com\/pt\/wp-json\/wp\/v2\/comments?post=110530"}],"version-history":[{"count":0,"href":"https:\/\/www.europesays.com\/pt\/wp-json\/wp\/v2\/posts\/110530\/revisions"}],"wp:featuredmedia":[{"embeddable":true,"href":"https:\/\/www.europesays.com\/pt\/wp-json\/wp\/v2\/media\/110531"}],"wp:attachment":[{"href":"https:\/\/www.europesays.com\/pt\/wp-json\/wp\/v2\/media?parent=110530"}],"wp:term":[{"taxonomy":"category","embeddable":true,"href":"https:\/\/www.europesays.com\/pt\/wp-json\/wp\/v2\/categories?post=110530"},{"taxonomy":"post_tag","embeddable":true,"href":"https:\/\/www.europesays.com\/pt\/wp-json\/wp\/v2\/tags?post=110530"}],"curies":[{"name":"wp","href":"https:\/\/api.w.org\/{rel}","templated":true}]}}