{"id":110544,"date":"2025-10-14T14:30:10","date_gmt":"2025-10-14T14:30:10","guid":{"rendered":"https:\/\/www.europesays.com\/pt\/110544\/"},"modified":"2025-10-14T14:30:10","modified_gmt":"2025-10-14T14:30:10","slug":"von-der-leyen-diz-que-adesao-de-montenegro-a-ue-esta-verdadeiramente-ao-alcance","status":"publish","type":"post","link":"https:\/\/www.europesays.com\/pt\/110544\/","title":{"rendered":"Von der Leyen diz que ades\u00e3o de Montenegro \u00e0 UE \u201cest\u00e1 verdadeiramente ao alcance\u201d"},"content":{"rendered":"<p>A presidente da Comiss\u00e3o Europeia disse hoje que a ades\u00e3o de Montenegro \u00e0 Uni\u00e3o Europeia (UE) \u201cest\u00e1 verdadeiramente ao seu alcance\u201d se o pa\u00eds fizer as reformas exigidas por Bruxelas, nomeadamente em mat\u00e9ria de Estado de direito.<\/p>\n<p class=\"text-paragraph\">\u201cSe o Montenegro continuar neste caminho, com esta velocidade e determina\u00e7\u00e3o \u2013 e n\u00e3o tenho d\u00favidas disso \u2013, o objetivo de aderir \u00e0 nossa Uni\u00e3o estar\u00e1 verdadeiramente ao seu alcance\u201d, afirmou Ursula von der Leyen.<\/p>\n<p class=\"text-paragraph\">Segundo a l\u00edder do executivo comunit\u00e1rio, \u201ceste \u00e9 o momento de avan\u00e7ar a toda a velocidade com as reformas em mat\u00e9ria de Estado de direito e transpar\u00eancia nos contratos p\u00fablicos\u201d.<\/p>\n<p class=\"text-paragraph\">O Montenegro apresentou o seu pedido de ades\u00e3o \u00e0 UE em dezembro de 2008, tendo-lhe sido concedido o estatuto de pa\u00eds candidato em dezembro de 2010.<\/p>\n<p class=\"text-paragraph\">As negocia\u00e7\u00f5es come\u00e7aram em junho de 2012 e, at\u00e9 \u00e0 data, foram abertos 33 cap\u00edtulos de negocia\u00e7\u00e3o.<\/p>\n<p class=\"text-paragraph\">\u201cHouve grandes progressos em muitas \u00e1reas, como a moderniza\u00e7\u00e3o dos sistemas judiciais. V\u00e1rias leis importantes foram adotadas antes do ver\u00e3o, incluindo reformas eleitorais significativas em \u00e1reas como o financiamento pol\u00edtico, mas os meses e anos que se avizinham ser\u00e3o ainda mais decisivos\u201d, adiantou Ursula von der Leyen.<\/p>\n<p class=\"text-paragraph\">A presidente da Comiss\u00e3o Europeia come\u00e7ou na segunda-feira na Alb\u00e2nia a sua visita anual aos Balc\u00e3s Ocidentais, prometendo apoio em cada passo do caminho na ades\u00e3o \u00e0 UE.<\/p>\n<p class=\"text-paragraph\">Desde 2021 que a presidente da Comiss\u00e3o Europeia realiza visitas anuais aos pa\u00edses dos Balc\u00e3s Ocidentais \u2013 como Alb\u00e2nia, S\u00e9rvia, Montenegro, Maced\u00f3nia do Norte, B\u00f3snia-Herzegovina e Kosovo \u2013, que aguardam h\u00e1 anos pela ades\u00e3o \u00e0 Uni\u00e3o Europeia e veem com frustra\u00e7\u00e3o o avan\u00e7o r\u00e1pido da candidatura da Ucr\u00e2nia e da Moldova.<\/p>\n<p class=\"text-paragraph\">Apesar de continuarem a reformar \u00e1reas como o Estado de direito, combate \u00e0 corrup\u00e7\u00e3o e alinhamento com a pol\u00edtica externa europeia, estes pa\u00edses sentem-se injusti\u00e7ados ao entender que o seu esfor\u00e7o \u00e9 reconhecido com lentid\u00e3o e excessivas exig\u00eancias.<\/p>\n<p class=\"text-paragraph\">Esta perce\u00e7\u00e3o de porta entreaberta alimenta o ceticismo pr\u00f3-UE e fortalece, em alguns casos, a influ\u00eancia russa e chinesa na regi\u00e3o, num momento em que Bruxelas tenta reanimar o processo de alargamento com promessas de integra\u00e7\u00e3o gradual.<\/p>\n<p class=\"text-paragraph\">A presidente da Comiss\u00e3o Europeia desloca-se hoje \u00e0 B\u00f3snia-Herzegovina e na quarta-feira \u00e0 S\u00e9rvia, Kosovo e Maced\u00f3nia do Norte.<\/p>\n","protected":false},"excerpt":{"rendered":"A presidente da Comiss\u00e3o Europeia disse hoje que a ades\u00e3o de Montenegro \u00e0 Uni\u00e3o Europeia (UE) \u201cest\u00e1 verdadeiramente&hellip;\n","protected":false},"author":2,"featured_media":110545,"comment_status":"","ping_status":"","sticky":false,"template":"","format":"standard","meta":{"footnotes":""},"categories":[50],"tags":[27,28,15,16,14,25,26,21,22,62,12,13,19,20,23,24,17,18,29,30,31,63,64,65],"class_list":{"0":"post-110544","1":"post","2":"type-post","3":"status-publish","4":"format-standard","5":"has-post-thumbnail","7":"category-mundo","8":"tag-breaking-news","9":"tag-breakingnews","10":"tag-featured-news","11":"tag-featurednews","12":"tag-headlines","13":"tag-latest-news","14":"tag-latestnews","15":"tag-main-news","16":"tag-mainnews","17":"tag-mundo","18":"tag-news","19":"tag-noticias","20":"tag-noticias-principais","21":"tag-noticiasprincipais","22":"tag-principais-noticias","23":"tag-principaisnoticias","24":"tag-top-stories","25":"tag-topstories","26":"tag-ultimas","27":"tag-ultimas-noticias","28":"tag-ultimasnoticias","29":"tag-world","30":"tag-world-news","31":"tag-worldnews"},"share_on_mastodon":{"url":"","error":""},"_links":{"self":[{"href":"https:\/\/www.europesays.com\/pt\/wp-json\/wp\/v2\/posts\/110544","targetHints":{"allow":["GET"]}}],"collection":[{"href":"https:\/\/www.europesays.com\/pt\/wp-json\/wp\/v2\/posts"}],"about":[{"href":"https:\/\/www.europesays.com\/pt\/wp-json\/wp\/v2\/types\/post"}],"author":[{"embeddable":true,"href":"https:\/\/www.europesays.com\/pt\/wp-json\/wp\/v2\/users\/2"}],"replies":[{"embeddable":true,"href":"https:\/\/www.europesays.com\/pt\/wp-json\/wp\/v2\/comments?post=110544"}],"version-history":[{"count":0,"href":"https:\/\/www.europesays.com\/pt\/wp-json\/wp\/v2\/posts\/110544\/revisions"}],"wp:featuredmedia":[{"embeddable":true,"href":"https:\/\/www.europesays.com\/pt\/wp-json\/wp\/v2\/media\/110545"}],"wp:attachment":[{"href":"https:\/\/www.europesays.com\/pt\/wp-json\/wp\/v2\/media?parent=110544"}],"wp:term":[{"taxonomy":"category","embeddable":true,"href":"https:\/\/www.europesays.com\/pt\/wp-json\/wp\/v2\/categories?post=110544"},{"taxonomy":"post_tag","embeddable":true,"href":"https:\/\/www.europesays.com\/pt\/wp-json\/wp\/v2\/tags?post=110544"}],"curies":[{"name":"wp","href":"https:\/\/api.w.org\/{rel}","templated":true}]}}