{"id":110546,"date":"2025-10-14T14:31:08","date_gmt":"2025-10-14T14:31:08","guid":{"rendered":"https:\/\/www.europesays.com\/pt\/110546\/"},"modified":"2025-10-14T14:31:08","modified_gmt":"2025-10-14T14:31:08","slug":"leao-costa-que-se-entretenha-na-europa-nao-faz-ca-falta-observador","status":"publish","type":"post","link":"https:\/\/www.europesays.com\/pt\/110546\/","title":{"rendered":"Le\u00e3o. &#8220;Costa que se entretenha na Europa, n\u00e3o faz c\u00e1 falta&#8221; \u2013 Observador"},"content":{"rendered":"<p>\u201c<strong>Ant\u00f3nio Costa que se entretenha l\u00e1 na Europa que n\u00e3o faz c\u00e1 falta nenhuma<\/strong>\u201c, afirmou nesta manh\u00e3 o socialista Ricardo Le\u00e3o, reeleito presidente da c\u00e2mara municipal de Loures, numa participa\u00e7\u00e3o num <a href=\"https:\/\/observador.pt\/programas\/comissao-de-inquerito\/antonio-costa-que-se-entretenha-na-ue-nao-faz-ca-falta\/\" rel=\"nofollow noopener\" target=\"_blank\">programa da R\u00e1dio Observador<\/a>.<\/p>\n<p>O coment\u00e1rio de Ricardo Le\u00e3o surgiu em resposta a uma quest\u00e3o sobre as posi\u00e7\u00f5es assumidas pelo autarca, nomeadamente sobre o tema das barracas naquele concelho, e sobre a falta de apoio de alguns membros influentes do Partido Socialista, o partido a que pertence.<\/p>\n<blockquote class=\"wp-embedded-content\" data-secret=\"AYKXpGgMUu\">\n<p><a href=\"https:\/\/observador.pt\/programas\/comissao-de-inquerito\/antonio-costa-que-se-entretenha-na-ue-nao-faz-ca-falta\/\" rel=\"nofollow noopener\" target=\"_blank\">Ant\u00f3nio Costa? \u201cQue se entretenha na UE. N\u00e3o faz c\u00e1 falta\u201d<\/a><\/p>\n<\/blockquote>\n<p>Ant\u00f3nio Costa foi um dos v\u00e1rios militantes socialistas que, em novembro, criticaram o autarca de Loures considerando que despejos arrendat\u00e1rios de habita\u00e7\u00f5es municipais como \u201csan\u00e7\u00f5es acess\u00f3rias\u201d complementares de \u201csan\u00e7\u00f5es criminais\u201d ofendiam os valores, cultura e identidade do partido.<\/p>\n<p>Foi quando confrontado com esse coment\u00e1rio que Ricardo Le\u00e3o disse que Ant\u00f3nio Costa \u201cn\u00e3o faz falta nenhuma\u201d em Portugal. E disse mais: \u201cH\u00e1 muita gente do partido que est\u00e1 comigo\u201d, acrescentou Ricardo Le\u00e3o, salientando que tamb\u00e9m a popula\u00e7\u00e3o de Loures, de um modo geral, concorda com as posi\u00e7\u00f5es assumidas pelo presidente da c\u00e2mara, tanto que lhe deram uma maioria absoluta.<\/p>\n<p>\u201cH\u00e1 uma necessidade das pessoas de sentirem que h\u00e1 regras que t\u00eam de ser cumpridas\u201d e \u201cn\u00e3o pode haver um conjunto de pessoas que tem direitos e deveres e outro que n\u00e3o tem deveres\u201d, acrescentou.<\/p>\n<p>                            Se tiver uma hist\u00f3ria que queira partilhar sobre irregularidades na sua autarquia, preencha<br \/>\n                            <a href=\"https:\/\/forms.gle\/uQ1gDpSwmRd7ezUf8\" target=\"_blank\" rel=\"noopener noreferrer nofollow\">este formul\u00e1rio an\u00f3nimo<\/a>.<\/p>\n","protected":false},"excerpt":{"rendered":"\u201cAnt\u00f3nio Costa que se entretenha l\u00e1 na Europa que n\u00e3o faz c\u00e1 falta nenhuma\u201c, afirmou nesta manh\u00e3 o&hellip;\n","protected":false},"author":2,"featured_media":110547,"comment_status":"","ping_status":"","sticky":false,"template":"","format":"standard","meta":{"footnotes":""},"categories":[10],"tags":[26231,27,28,15,16,14,25,26,2432,21,22,12,13,19,20,57,302,32,23,24,455,33,58,17,18,29,30,31],"class_list":{"0":"post-110546","1":"post","2":"type-post","3":"status-publish","4":"format-standard","5":"has-post-thumbnail","7":"category-portugal","8":"tag-antu00f3nio-costa","9":"tag-breaking-news","10":"tag-breakingnews","11":"tag-featured-news","12":"tag-featurednews","13":"tag-headlines","14":"tag-latest-news","15":"tag-latestnews","16":"tag-loures","17":"tag-main-news","18":"tag-mainnews","19":"tag-news","20":"tag-noticias","21":"tag-noticias-principais","22":"tag-noticiasprincipais","23":"tag-pau00eds","24":"tag-polu00edtica","25":"tag-portugal","26":"tag-principais-noticias","27":"tag-principaisnoticias","28":"tag-ps","29":"tag-pt","30":"tag-sociedade","31":"tag-top-stories","32":"tag-topstories","33":"tag-ultimas","34":"tag-ultimas-noticias","35":"tag-ultimasnoticias"},"share_on_mastodon":{"url":"","error":""},"_links":{"self":[{"href":"https:\/\/www.europesays.com\/pt\/wp-json\/wp\/v2\/posts\/110546","targetHints":{"allow":["GET"]}}],"collection":[{"href":"https:\/\/www.europesays.com\/pt\/wp-json\/wp\/v2\/posts"}],"about":[{"href":"https:\/\/www.europesays.com\/pt\/wp-json\/wp\/v2\/types\/post"}],"author":[{"embeddable":true,"href":"https:\/\/www.europesays.com\/pt\/wp-json\/wp\/v2\/users\/2"}],"replies":[{"embeddable":true,"href":"https:\/\/www.europesays.com\/pt\/wp-json\/wp\/v2\/comments?post=110546"}],"version-history":[{"count":0,"href":"https:\/\/www.europesays.com\/pt\/wp-json\/wp\/v2\/posts\/110546\/revisions"}],"wp:featuredmedia":[{"embeddable":true,"href":"https:\/\/www.europesays.com\/pt\/wp-json\/wp\/v2\/media\/110547"}],"wp:attachment":[{"href":"https:\/\/www.europesays.com\/pt\/wp-json\/wp\/v2\/media?parent=110546"}],"wp:term":[{"taxonomy":"category","embeddable":true,"href":"https:\/\/www.europesays.com\/pt\/wp-json\/wp\/v2\/categories?post=110546"},{"taxonomy":"post_tag","embeddable":true,"href":"https:\/\/www.europesays.com\/pt\/wp-json\/wp\/v2\/tags?post=110546"}],"curies":[{"name":"wp","href":"https:\/\/api.w.org\/{rel}","templated":true}]}}