{"id":110568,"date":"2025-10-14T14:51:21","date_gmt":"2025-10-14T14:51:21","guid":{"rendered":"https:\/\/www.europesays.com\/pt\/110568\/"},"modified":"2025-10-14T14:51:21","modified_gmt":"2025-10-14T14:51:21","slug":"christina-aguilera-gravou-visuais-picantes-em-clube-de-strip-para-novo-projeto-diz-site","status":"publish","type":"post","link":"https:\/\/www.europesays.com\/pt\/110568\/","title":{"rendered":"Christina Aguilera gravou visuais &#8216;picantes&#8217; em clube de strip para novo projeto, diz site"},"content":{"rendered":"<p>H\u00e1 tr\u00eas anos sem lan\u00e7ar um novo \u00e1lbum, <a href=\"https:\/\/portalpopline.com.br\/christina-aguilera\/\" rel=\"noopener nofollow\" target=\"_blank\"><strong>Christina Aguilera<\/strong><\/a> pode estar preparando um novo projeto para o \u00faltimo m\u00eas do ano \u2013 e com pegada <strong>natalina<\/strong>! Veio \u00e0 tona, nesta <strong>segunda-feira (13)<\/strong>, que a estrela pop viajou recentemente at\u00e9 <strong>Paris<\/strong>, na <strong>Fran\u00e7a<\/strong>, para gravar visuais descritos como \u2018picantes\u2019 no famoso clube de strip <strong>Crazy Horse<\/strong>. Saiba detalhes das filmagens!<\/p>\n<p>LEIA MAIS:<\/p>\n<p><img loading=\"lazy\" decoding=\"async\" aria-describedby=\"caption-attachment-999716\" src=\"https:\/\/www.europesays.com\/pt\/wp-content\/uploads\/2025\/10\/christina-aguilera-gravou-visuais-picantes-clube-strip-novo-projeto-2.jpg\" alt=\"\" width=\"1200\" height=\"1496\" class=\"size-full wp-image-999716\"\/><\/p>\n<p id=\"caption-attachment-999716\" class=\"wp-caption-text\">Foto: daydreamsmedia<\/p>\n<p>\u201cChristina transformou o clube em um deslumbrante para\u00edso de inverno enquanto filmavam o v\u00eddeo \u2018inspirado no burlesco&#8217;\u201d, reportou o jornal <strong>Daily Mail<\/strong> a respeito da ida secreta da cantora \u00e0 capital francesa nos \u00faltimos dias.<\/p>\n<p>\u201cChristina trabalhou em um projeto muito especial para seus f\u00e3s neste Natal. Ela se esfor\u00e7ou ao m\u00e1ximo na sess\u00e3o de fotos, que \u00e9 bem ousada, para dizer o m\u00ednimo\u201d, teria dito uma fonte ao tabloide <strong>The Sun<\/strong>.<\/p>\n<p>Foi dito, ainda, que a cenografia montada no famoso clube de strip especialmente para o projeto era tomada por neve artificial, \u00e1rvores de Natal e luzes e que, ao redor de <strong>Xtina<\/strong>, haviam dan\u00e7arinas com espartilhos de bengalas de doces que trabalhavam junto \u00e0 artista. \u201cChristina nunca esteve t\u00e3o deslumbrante como nessa filmagem\u201d, destacou uma fonte.<\/p>\n<p>A imprensa internacional repercute que o projeto pode estar associado a algum tipo de celebra\u00e7\u00e3o dos 25 anos do disco \u201cMy Kind Of Christmas\u201d, datado de 2000. V\u00e1lido destacar que, em 2022, a artista celebrou os 20 anos do emblem\u00e1tico \u00e1lbum \u201cStripped\u201d (2002) com um relan\u00e7amento do compilado.<\/p>\n<p>Sabrina Carpenter n\u00e3o quis submeter dueto com Christina Aguilera ao Grammy, revela compositora<br \/>\n<img loading=\"lazy\" decoding=\"async\" aria-describedby=\"caption-attachment-999027\" src=\"https:\/\/www.europesays.com\/pt\/wp-content\/uploads\/2025\/10\/christina-aguilera-sabrina-carpenter-thumb.jpg\" alt=\"Sabrina Carpenter n\u00e3o quis submeter dueto com Christina Aguilera ao Grammy, revela compositora\" width=\"1200\" height=\"902\" class=\"size-full wp-image-999027\"\/><\/p>\n<p id=\"caption-attachment-999027\" class=\"wp-caption-text\">(Foto: Divulga\u00e7\u00e3o)<\/p>\n<p>A compositora <strong>Shelly Peiken,<\/strong> respons\u00e1vel pela m\u00fasica \u201cWhat a Girl Wants\u201d da<strong> Christina Aguilera<\/strong>, ficou decepcionada que a <a href=\"https:\/\/portalpopline.com.br\/xtina-sabrina-carpenter-prova-coisas-maravilhosas-menores-embalagens\/\" rel=\"nofollow noopener\" target=\"_blank\">regrava\u00e7\u00e3o com <strong>Sabrina Carpenter<\/strong> <\/a>n\u00e3o tenha sido submetida ao <strong>Grammy 2026<\/strong>. O dueto, gravado para o Spotify em comemora\u00e7\u00e3o ao 25\u00ba anivers\u00e1rio do \u00e1lbum de estreia de <strong>Christina<\/strong>, estava dentro do prazo de elegibilidade, no entanto a equipe de<strong> Sabrina<\/strong> pediu sua remo\u00e7\u00e3o da lista de submiss\u00f5es.<\/p>\n<p>\u201cMeus amigos votantes no Grammy tem me mandando mensagens perguntando por que o dueto de Sabrina e Xtina para \u2018What a Girl Wants\u2019 n\u00e3o aparece em suas c\u00e9dulas hoje. Tristemente, parece que os empres\u00e1rios n\u00e3o quiseram sua submiss\u00e3o para n\u00e3o prejudicar as chances de Sabrina conseguir uma nomea\u00e7\u00e3o em outra categoria. Ent\u00e3o eles pediram para que fosse removida. Acreditem-me: eu compartilho da decep\u00e7\u00e3o e aprecio seu apoio. Desejo a melhor sorte para ela\u201d, <strong>Shelly Peiken<\/strong> escreveu no Instagram.<\/p>\n<p><img loading=\"lazy\" decoding=\"async\" aria-describedby=\"caption-attachment-988937\" class=\"size-full wp-image-988937\" src=\"https:\/\/www.europesays.com\/pt\/wp-content\/uploads\/2025\/10\/christina-aguilera-sabrina-carpenter.jpg\" alt=\"Sabrina Carpenter n\u00e3o quis submeter dueto com Christina Aguilera ao Grammy, revela compositora\" width=\"1200\" height=\"902\"  \/><\/p>\n<p id=\"caption-attachment-988937\" class=\"wp-caption-text\">(Foto: Divulga\u00e7\u00e3o)<\/p>\n<p><strong>Sabrina Carpenter<\/strong> <a href=\"https:\/\/portalpopline.com.br\/sabrina-carpenter-cotada-categorias-principais-grammy-2026\/\" rel=\"nofollow noopener\" target=\"_blank\">aparece como um nome forte para as principais categorias do<strong> Grammy 2026<\/strong> <\/a>\u2013 melhor \u00e1lbum, grava\u00e7\u00e3o do ano e m\u00fasica do ano. A Academia da Grava\u00e7\u00e3o tem tudo para dar bastante aten\u00e7\u00e3o para o \u00e1lbum <strong>\u201cMan\u2019s Best Friend\u201d<\/strong>, depois que ela ganhou dois Grammys na \u00faltima edi\u00e7\u00e3o da premia\u00e7\u00e3o \u2013 melhor \u00e1lbum pop vocal (<strong>\u201cShort n\u2019 Sweet\u201d<\/strong>) e melhor performance pop solo (\u201cEspresso\u201d).<\/p>\n","protected":false},"excerpt":{"rendered":"H\u00e1 tr\u00eas anos sem lan\u00e7ar um novo \u00e1lbum, Christina Aguilera pode estar preparando um novo projeto para o&hellip;\n","protected":false},"author":2,"featured_media":110569,"comment_status":"","ping_status":"","sticky":false,"template":"","format":"standard","meta":{"footnotes":""},"categories":[141],"tags":[26233,26234,3600,26235,114,115,149,150,7561,16407,26236,2458,26237,571,32,33,26238,26239],"class_list":{"0":"post-110568","1":"post","2":"type-post","3":"status-publish","4":"format-standard","5":"has-post-thumbnail","7":"category-musica","8":"tag-christina-aguilera","9":"tag-clube-de-strip","10":"tag-comeback","11":"tag-crazy-horse","12":"tag-entertainment","13":"tag-entretenimento","14":"tag-music","15":"tag-musica","16":"tag-natal","17":"tag-novo-projeto","18":"tag-ousado","19":"tag-paris","20":"tag-picante","21":"tag-plantao","22":"tag-portugal","23":"tag-pt","24":"tag-visuais","25":"tag-xtina"},"share_on_mastodon":{"url":"","error":""},"_links":{"self":[{"href":"https:\/\/www.europesays.com\/pt\/wp-json\/wp\/v2\/posts\/110568","targetHints":{"allow":["GET"]}}],"collection":[{"href":"https:\/\/www.europesays.com\/pt\/wp-json\/wp\/v2\/posts"}],"about":[{"href":"https:\/\/www.europesays.com\/pt\/wp-json\/wp\/v2\/types\/post"}],"author":[{"embeddable":true,"href":"https:\/\/www.europesays.com\/pt\/wp-json\/wp\/v2\/users\/2"}],"replies":[{"embeddable":true,"href":"https:\/\/www.europesays.com\/pt\/wp-json\/wp\/v2\/comments?post=110568"}],"version-history":[{"count":0,"href":"https:\/\/www.europesays.com\/pt\/wp-json\/wp\/v2\/posts\/110568\/revisions"}],"wp:featuredmedia":[{"embeddable":true,"href":"https:\/\/www.europesays.com\/pt\/wp-json\/wp\/v2\/media\/110569"}],"wp:attachment":[{"href":"https:\/\/www.europesays.com\/pt\/wp-json\/wp\/v2\/media?parent=110568"}],"wp:term":[{"taxonomy":"category","embeddable":true,"href":"https:\/\/www.europesays.com\/pt\/wp-json\/wp\/v2\/categories?post=110568"},{"taxonomy":"post_tag","embeddable":true,"href":"https:\/\/www.europesays.com\/pt\/wp-json\/wp\/v2\/tags?post=110568"}],"curies":[{"name":"wp","href":"https:\/\/api.w.org\/{rel}","templated":true}]}}