{"id":110578,"date":"2025-10-14T14:59:11","date_gmt":"2025-10-14T14:59:11","guid":{"rendered":"https:\/\/www.europesays.com\/pt\/110578\/"},"modified":"2025-10-14T14:59:11","modified_gmt":"2025-10-14T14:59:11","slug":"jovem-morto-a-tiro-numa-rua-no-barreiro","status":"publish","type":"post","link":"https:\/\/www.europesays.com\/pt\/110578\/","title":{"rendered":"Jovem morto a tiro numa rua no Barreiro"},"content":{"rendered":"<p>\t                Suspeito fugiu do local<\/p>\n<p>Um jovem, com idade entre 18 e 22 anos, foi morto a tiro na Rua Maria Matos, no Lavradio, Barreiro, na noite de segunda-feira. Segundo a PSP, a v\u00edtima foi atingida na zona superior do peito, pr\u00f3ximo do pesco\u00e7o.<\/p>\n<p>A PSP do Barreiro foi alertada e compareceu de imediato, tendo encontrado a v\u00edtima junto a uma testemunha que acionou os meios de socorro.<\/p>\n<p>&#8220;A Pol\u00edcia de Seguran\u00e7a P\u00fablica, atrav\u00e9s de pol\u00edcias da Esquadra da PSP do Barreiro da Divis\u00e3o Policial do Barreiro do Comando Distrital de Set\u00fabal deslocou-se ao local, tendo constatado um ind\u00edviduo de apar\u00eancia africana ca\u00eddo no ch\u00e3o, em dec\u00fabito ventral (barriga para baixo), junto dele encontrava-se uma pessoa\/testemunha, a qual de imediato informou que j\u00e1 havia acionado os meios de socorro&#8221;, adianta a PSP em comunicado.<\/p>\n<p>Os Bombeiros Sul e Sueste chegaram pouco depois, iniciando manobras de primeiros socorros, seguidos pela VMER do Barreiro, que confirmou o \u00f3bito.<\/p>\n<p>&#8220;Uma testemunha afirmou ter ouvido os disparos e logo a seguir viu dois indiv\u00edduos a correr pela Rua Maria Matos em sentido \u00e0 Rua Gil Vicente, contudo, um desses indiv\u00edduos vinha com a m\u00e3o no peito e acabou por cair no solo, em dec\u00fabito ventral, enquanto o segundo indiv\u00edduo continuou a correr e solicitou \u00e0 testemunha que contactasse os meios de socorro&#8221;, refere ainda a PSP.<\/p>\n<p>O caso \u00e9 investigado pela Pol\u00edcia Judici\u00e1ria, que assumiu a gest\u00e3o da ocorr\u00eancia e das dilig\u00eancias subsequentes.<\/p>\n","protected":false},"excerpt":{"rendered":"Suspeito fugiu do local Um jovem, com idade entre 18 e 22 anos, foi morto a tiro na&hellip;\n","protected":false},"author":2,"featured_media":110579,"comment_status":"","ping_status":"","sticky":false,"template":"","format":"standard","meta":{"footnotes":""},"categories":[10],"tags":[609,836,611,11974,27,28,607,608,333,832,604,135,610,476,15,16,301,830,14,5564,603,25,26,26211,570,21,22,831,833,62,834,12,13,19,20,835,602,52,32,23,24,33,17,18,29,30,31],"class_list":{"0":"post-110578","1":"post","2":"type-post","3":"status-publish","4":"format-standard","5":"has-post-thumbnail","7":"category-portugal","8":"tag-alerta","9":"tag-analise","10":"tag-ao-minuto","11":"tag-barreiro","12":"tag-breaking-news","13":"tag-breakingnews","14":"tag-cnn","15":"tag-cnn-portugal","16":"tag-comentadores","17":"tag-costa","18":"tag-crime","19":"tag-desporto","20":"tag-direto","21":"tag-economia","22":"tag-featured-news","23":"tag-featurednews","24":"tag-governo","25":"tag-guerra","26":"tag-headlines","27":"tag-homicidio","28":"tag-justica","29":"tag-latest-news","30":"tag-latestnews","31":"tag-lavradio","32":"tag-live","33":"tag-main-news","34":"tag-mainnews","35":"tag-mais-vistas","36":"tag-marcelo","37":"tag-mundo","38":"tag-negocios","39":"tag-news","40":"tag-noticias","41":"tag-noticias-principais","42":"tag-noticiasprincipais","43":"tag-opiniao","44":"tag-pais","45":"tag-politica","46":"tag-portugal","47":"tag-principais-noticias","48":"tag-principaisnoticias","49":"tag-pt","50":"tag-top-stories","51":"tag-topstories","52":"tag-ultimas","53":"tag-ultimas-noticias","54":"tag-ultimasnoticias"},"share_on_mastodon":{"url":"","error":""},"_links":{"self":[{"href":"https:\/\/www.europesays.com\/pt\/wp-json\/wp\/v2\/posts\/110578","targetHints":{"allow":["GET"]}}],"collection":[{"href":"https:\/\/www.europesays.com\/pt\/wp-json\/wp\/v2\/posts"}],"about":[{"href":"https:\/\/www.europesays.com\/pt\/wp-json\/wp\/v2\/types\/post"}],"author":[{"embeddable":true,"href":"https:\/\/www.europesays.com\/pt\/wp-json\/wp\/v2\/users\/2"}],"replies":[{"embeddable":true,"href":"https:\/\/www.europesays.com\/pt\/wp-json\/wp\/v2\/comments?post=110578"}],"version-history":[{"count":0,"href":"https:\/\/www.europesays.com\/pt\/wp-json\/wp\/v2\/posts\/110578\/revisions"}],"wp:featuredmedia":[{"embeddable":true,"href":"https:\/\/www.europesays.com\/pt\/wp-json\/wp\/v2\/media\/110579"}],"wp:attachment":[{"href":"https:\/\/www.europesays.com\/pt\/wp-json\/wp\/v2\/media?parent=110578"}],"wp:term":[{"taxonomy":"category","embeddable":true,"href":"https:\/\/www.europesays.com\/pt\/wp-json\/wp\/v2\/categories?post=110578"},{"taxonomy":"post_tag","embeddable":true,"href":"https:\/\/www.europesays.com\/pt\/wp-json\/wp\/v2\/tags?post=110578"}],"curies":[{"name":"wp","href":"https:\/\/api.w.org\/{rel}","templated":true}]}}