{"id":110611,"date":"2025-10-14T15:26:10","date_gmt":"2025-10-14T15:26:10","guid":{"rendered":"https:\/\/www.europesays.com\/pt\/110611\/"},"modified":"2025-10-14T15:26:10","modified_gmt":"2025-10-14T15:26:10","slug":"tommy-robinson-comecou-a-ser-julgado-e-diz-que-e-elon-musk-quem-lhe-paga-a-defesa-reino-unido","status":"publish","type":"post","link":"https:\/\/www.europesays.com\/pt\/110611\/","title":{"rendered":"Tommy Robinson come\u00e7ou a ser julgado e diz que \u00e9 Elon Musk quem lhe paga a defesa | Reino Unido"},"content":{"rendered":"<p>O activista brit\u00e2nico de extrema-direita <a href=\"https:\/\/www.publico.pt\/2019\/02\/26\/tecnologia\/noticia\/facebook-instagram-expulsam-exlider-extremadireita-discurso-odio-1863470\" rel=\"nofollow noopener\" target=\"_blank\">Tommy Robinson<\/a> come\u00e7ou na segunda-feira a ser julgado num tribunal de Londres, acusado de ter desrespeitado uma ordem da pol\u00edcia, que o deteve numa opera\u00e7\u00e3o antiterrorismo quando ele se preparava para atravessar o canal da Mancha.<\/p>\n<p>Antes da primeira sess\u00e3o, o arguido divulgou um v\u00eddeo em que afirma que \u00e9 Elon Musk que est\u00e1 a pagar a sua defesa. \u201cFelizmente, n\u00e3o tive de implorar por donativos porque Elon Musk assegurou o pagamento da conta nesta completa persegui\u00e7\u00e3o estatal\u201d, diz Robinson no v\u00eddeo, divulgado precisamente na rede social de que Musk \u00e9 dono, a X (antigo Twitter).<\/p>\n<p>O multimilion\u00e1rio, que \u00e9 ainda dono da Tesla e da SpaceX, que durante alguns meses integrou o Governo de Donald Trump nos Estados Unidos, e que j\u00e1 por diversas vezes <a href=\"https:\/\/www.publico.pt\/2025\/01\/09\/mundo\/noticia\/escandalo-abusos-sexuais-menores-ressurgiu-pressiona-keir-starmer-2118225\" rel=\"nofollow noopener\" target=\"_blank\">manifestou publicamente<\/a> apoio a Tommy Robinson, a quem chegou a chamar de prisioneiro pol\u00edtico, n\u00e3o confirmou \u00e0 imprensa brit\u00e2nica que esteja a custear a defesa do activista.<\/p>\n<p>De acordo com a acusa\u00e7\u00e3o, o arguido \u2014 cujo verdadeiro nome \u00e9 Stephen Yaxley-Lennon \u2014 foi mandado parar \u00e0 entrada do t\u00fanel do canal da Mancha, em Julho do ano passado, quando conduzia um Bentley em direc\u00e7\u00e3o a Fran\u00e7a. Robinson afirmou que o autom\u00f3vel n\u00e3o era dele e que estava a lev\u00e1-lo para um amigo que se encontrava em Benidorm, em Espanha.<\/p>\n<p>A pol\u00edcia desconfiou da hist\u00f3ria e, quando Robinson come\u00e7ou a filmar os agentes com o telem\u00f3vel, estes detiveram-no ao abrigo de uma lei de combate ao terrorismo, segundo a qual as autoridades podem aceder aos telem\u00f3veis dos suspeitos. \u201cEle recusou-se a dar o PIN, alegando que havia material jornal\u00edstico no telem\u00f3vel\u201d, disse ao tribunal um dos agentes envolvidos na deten\u00e7\u00e3o.<\/p>\n<p>Al\u00e9m disso, ainda de acordo com a acusa\u00e7\u00e3o, no carro foi encontrada uma mala com mais de 14 mil libras (mais de 16 mil euros, ao c\u00e2mbio actual) em dinheiro vivo.<\/p>\n<p>Pela defesa, o advogado de Robinson alegou que este viaja \u201cfrequentemente\u201d da Gr\u00e3-Bretanha para Benidorm e argumentou que a ordem de paragem foi \u201cdiscriminat\u00f3ria\u201d, motivada pelas ideias pol\u00edticas do arguido.<\/p>\n","protected":false},"excerpt":{"rendered":"O activista brit\u00e2nico de extrema-direita Tommy Robinson come\u00e7ou na segunda-feira a ser julgado num tribunal de Londres, acusado&hellip;\n","protected":false},"author":2,"featured_media":110612,"comment_status":"","ping_status":"","sticky":false,"template":"","format":"standard","meta":{"footnotes":""},"categories":[50],"tags":[27,28,584,9041,15,16,14,25,26,21,22,62,12,13,19,20,23,24,713,17,18,29,30,31,63,64,65],"class_list":{"0":"post-110611","1":"post","2":"type-post","3":"status-publish","4":"format-standard","5":"has-post-thumbnail","7":"category-mundo","8":"tag-breaking-news","9":"tag-breakingnews","10":"tag-elon-musk","11":"tag-extrema-direita","12":"tag-featured-news","13":"tag-featurednews","14":"tag-headlines","15":"tag-latest-news","16":"tag-latestnews","17":"tag-main-news","18":"tag-mainnews","19":"tag-mundo","20":"tag-news","21":"tag-noticias","22":"tag-noticias-principais","23":"tag-noticiasprincipais","24":"tag-principais-noticias","25":"tag-principaisnoticias","26":"tag-reino-unido","27":"tag-top-stories","28":"tag-topstories","29":"tag-ultimas","30":"tag-ultimas-noticias","31":"tag-ultimasnoticias","32":"tag-world","33":"tag-world-news","34":"tag-worldnews"},"share_on_mastodon":{"url":"","error":""},"_links":{"self":[{"href":"https:\/\/www.europesays.com\/pt\/wp-json\/wp\/v2\/posts\/110611","targetHints":{"allow":["GET"]}}],"collection":[{"href":"https:\/\/www.europesays.com\/pt\/wp-json\/wp\/v2\/posts"}],"about":[{"href":"https:\/\/www.europesays.com\/pt\/wp-json\/wp\/v2\/types\/post"}],"author":[{"embeddable":true,"href":"https:\/\/www.europesays.com\/pt\/wp-json\/wp\/v2\/users\/2"}],"replies":[{"embeddable":true,"href":"https:\/\/www.europesays.com\/pt\/wp-json\/wp\/v2\/comments?post=110611"}],"version-history":[{"count":0,"href":"https:\/\/www.europesays.com\/pt\/wp-json\/wp\/v2\/posts\/110611\/revisions"}],"wp:featuredmedia":[{"embeddable":true,"href":"https:\/\/www.europesays.com\/pt\/wp-json\/wp\/v2\/media\/110612"}],"wp:attachment":[{"href":"https:\/\/www.europesays.com\/pt\/wp-json\/wp\/v2\/media?parent=110611"}],"wp:term":[{"taxonomy":"category","embeddable":true,"href":"https:\/\/www.europesays.com\/pt\/wp-json\/wp\/v2\/categories?post=110611"},{"taxonomy":"post_tag","embeddable":true,"href":"https:\/\/www.europesays.com\/pt\/wp-json\/wp\/v2\/tags?post=110611"}],"curies":[{"name":"wp","href":"https:\/\/api.w.org\/{rel}","templated":true}]}}