{"id":110621,"date":"2025-10-14T15:32:41","date_gmt":"2025-10-14T15:32:41","guid":{"rendered":"https:\/\/www.europesays.com\/pt\/110621\/"},"modified":"2025-10-14T15:32:41","modified_gmt":"2025-10-14T15:32:41","slug":"entenda-o-verdadeiro-motivo-do-sangue-encontrado-na-roupa-de-celina-em-vale-tudo","status":"publish","type":"post","link":"https:\/\/www.europesays.com\/pt\/110621\/","title":{"rendered":"Entenda o verdadeiro motivo do sangue encontrado na roupa de Celina em Vale Tudo"},"content":{"rendered":"<p>                        <img width=\"944\" height=\"531\" src=\"https:\/\/www.europesays.com\/pt\/wp-content\/uploads\/2025\/10\/Entenda-o-verdadeiro-motivo-do-sangue-encontrado-na-roupa-de-Celina-em-Vale-Tudo-944x531.jpg\" class=\"attachment-custom-large size-custom-large article-featured-image\" alt=\"Entenda o verdadeiro motivo do sangue encontrado na roupa de Celina em Vale Tudo\" fetchpriority=\"high\" decoding=\"async\"  \/><\/p>\n<p>Celina \u00e9 uma das suspeitas de matar Odete (Foto: Globoplay, Reprodu\u00e7\u00e3o)<\/p>\n<p>O mist\u00e9rio que ronda a morte de Odete Roitman (D\u00e9bora Bloch) segue provocando reviravoltas e fazendo todos desconfiarem uns dos outros em Vale Tudo.<\/p>\n<p>Continua depois da publicidade<\/p>\n<p>No cap\u00edtulo desta segunda-feira (13), quando Eug\u00eanio (Luis Salem)\u00a0comentou com\u00a0Celina (Malu Galli)\u00a0que encontro um sangue na roupa dela, Heleninha (Paolla Oliveira) passou a desconfiar da tia.<\/p>\n<p>No final do cap\u00edtulo, Celina foi at\u00e9 a delegacia, deixando o delegado surpreso, j\u00e1 que ele n\u00e3o estava esperando por ela.\u00a0<\/p>\n<p>\u201cEu preciso falar uma coisa com o senhor. Eu menti no meu depoimento. Fui eu que matei a Odete Roitman\u201d,\u00a0disse ela.<\/p>\n<p>Continua depois da publicidade<\/p>\n<p>No entanto, o sangue encontrado por Eug\u00eanio na verdade \u00e9 o pr\u00f3prio sangue de Celina e n\u00e3o de Odete. Isso porque, quando Celina foi visitar a irm\u00e3 no quarto do Copacabana Palace, acabou levando um tapa da vil\u00e3. A boca de Celina sangrou, e ela rapidamente limpou o sangue na camisa.<\/p>\n<p>1<\/p>\n<p>VoltarAvan\u00e7ar<\/p>\n<p><img loading=\"lazy\" decoding=\"async\" width=\"1200\" height=\"675\" data-id=\"7677795\" src=\"https:\/\/www.europesays.com\/pt\/wp-content\/uploads\/2025\/10\/compare-a-cena-da-morte-de-odete-roitman-com-a-versao-original-de-vale-tudo-2.jpg\" alt=\"compare a cena da morte de odete roitman com a versao original de vale tudo \" class=\"wp-image-7677795\"  \/><\/p>\n<p>Marco Aur\u00e9lio discute com Odete (Foto: Reprodu\u00e7\u00e3o, Globoplay)<\/p>\n<p><img loading=\"lazy\" decoding=\"async\" width=\"1200\" height=\"675\" data-id=\"7677796\" src=\"https:\/\/www.europesays.com\/pt\/wp-content\/uploads\/2025\/10\/compare-a-cena-da-morte-de-odete-roitman-com-a-versao-original-de-vale-tudo-3.jpg\" alt=\"\" class=\"wp-image-7677796\"  \/><\/p>\n<p>Ela diz que sabe que ele est\u00e1 roubando a empresa (Foto: Reprodu\u00e7\u00e3o, Globoplay)<\/p>\n<p><img loading=\"lazy\" decoding=\"async\" width=\"1200\" height=\"675\" data-id=\"7677797\" src=\"https:\/\/www.europesays.com\/pt\/wp-content\/uploads\/2025\/10\/compare-a-cena-da-morte-de-odete-roitman-com-a-versao-original-de-vale-tudo-4.jpg\" alt=\"compare a cena da morte de odete roitman com a versao original de vale tudo \" class=\"wp-image-7677797\"  \/><\/p>\n<p>E ele pede para ela ter calma (Foto: Reprodu\u00e7\u00e3o, Globoplay)<\/p>\n<p><img loading=\"lazy\" decoding=\"async\" width=\"1200\" height=\"675\" data-id=\"7677801\" src=\"https:\/\/www.europesays.com\/pt\/wp-content\/uploads\/2025\/10\/compare-a-cena-da-morte-de-odete-roitman-com-a-versao-original-de-vale-tudo.jpg\" alt=\"\" class=\"wp-image-7677801\"  \/><\/p>\n<p>Odete Roitman diz que sabe que ele desviou 12 milh\u00f5es da TCA (Foto: Reprodu\u00e7\u00e3o, Globoplay)<\/p>\n<p><img loading=\"lazy\" decoding=\"async\" width=\"1200\" height=\"675\" data-id=\"7677798\" src=\"https:\/\/www.europesays.com\/pt\/wp-content\/uploads\/2025\/10\/compare-a-cena-da-morte-de-odete-roitman-com-a-versao-original-de-vale-tudo-5.jpg\" alt=\"compare a cena da morte de odete roitman com a versao original de vale tudo \" class=\"wp-image-7677798\"  \/><\/p>\n<p>C\u00e9sar sai e diz que vai acertar as contas com Odete (Foto: Reprodu\u00e7\u00e3o, Globoplay)<\/p>\n<p><img loading=\"lazy\" decoding=\"async\" width=\"1200\" height=\"675\" data-id=\"7677799\" src=\"https:\/\/www.europesays.com\/pt\/wp-content\/uploads\/2025\/10\/compare-a-cena-da-morte-de-odete-roitman-com-a-versao-original-de-vale-tudo-6.jpg\" alt=\"\" class=\"wp-image-7677799\"  \/><\/p>\n<p>F\u00e1tima tamb\u00e9m fica com uma cara suspeita (Foto: Reprodu\u00e7\u00e3o, Globoplay)<\/p>\n<p><img loading=\"lazy\" decoding=\"async\" width=\"1200\" height=\"675\" data-id=\"7677781\" src=\"https:\/\/www.europesays.com\/pt\/wp-content\/uploads\/2025\/10\/compare-a-cena-da-morte-de-odete-roitman-com-a-versao-original-de-vale-tudo-9.jpg\" alt=\"compare a cena da morte de odete roitman com a versao original de vale tudo \" class=\"wp-image-7677781\"  \/><\/p>\n<p>Heleninha aparece b\u00eabada e tremendo (Foto: Reprodu\u00e7\u00e3o, Globoplay)<\/p>\n<p><img loading=\"lazy\" decoding=\"async\" width=\"1200\" height=\"675\" data-id=\"7677780\" src=\"https:\/\/www.europesays.com\/pt\/wp-content\/uploads\/2025\/10\/compare-a-cena-da-morte-de-odete-roitman-com-a-versao-original-de-vale-tudo-8.jpg\" alt=\"\" class=\"wp-image-7677780\"  \/><\/p>\n<p>De repente uma arma dispara tr\u00eas tiros (Foto: Reprodu\u00e7\u00e3o, Globoplay)<\/p>\n<p><img loading=\"lazy\" decoding=\"async\" width=\"1200\" height=\"675\" data-id=\"7677800\" src=\"https:\/\/www.europesays.com\/pt\/wp-content\/uploads\/2025\/10\/compare-a-cena-da-morte-de-odete-roitman-com-a-versao-original-de-vale-tudo-7.jpg\" alt=\"compare a cena da morte de odete roitman com a versao original de vale tudo \" class=\"wp-image-7677800\"  \/><\/p>\n<p>O telefone toca na casa de Celina (Foto: Reprodu\u00e7\u00e3o, Globoplay)<\/p>\n<p><img loading=\"lazy\" decoding=\"async\" width=\"1200\" height=\"675\" data-id=\"7677782\" src=\"https:\/\/www.europesays.com\/pt\/wp-content\/uploads\/2025\/10\/compare-a-cena-da-morte-de-odete-roitman-com-a-versao-original-de-vale-tudo-10.jpg\" alt=\"\" class=\"wp-image-7677782\"  \/><\/p>\n<p>Encontram o corpo de Odete (Foto: Reprodu\u00e7\u00e3o, Globoplay)<\/p>\n<p><img loading=\"lazy\" decoding=\"async\" width=\"1200\" height=\"675\" data-id=\"7677783\" src=\"https:\/\/www.europesays.com\/pt\/wp-content\/uploads\/2025\/10\/compare-a-cena-da-morte-de-odete-roitman-com-a-versao-original-de-vale-tudo-11.jpg\" alt=\"compare a cena da morte de odete roitman com a versao original de vale tudo \" class=\"wp-image-7677783\"  \/><\/p>\n<p>Celina d\u00e1 um grito mortal (Foto: Reprodu\u00e7\u00e3o, Globoplay)<\/p>\n<p><img loading=\"lazy\" decoding=\"async\" width=\"1200\" height=\"675\" data-id=\"7677784\" src=\"https:\/\/www.europesays.com\/pt\/wp-content\/uploads\/2025\/10\/compare-a-cena-da-morte-de-odete-roitman-com-a-versao-original-de-vale-tudo-12.jpg\" alt=\"\" class=\"wp-image-7677784\"  \/><\/p>\n<p>E d\u00e1 a not\u00edcia para Afonso (Foto: Reprodu\u00e7\u00e3o, Globoplay)<\/p>\n<p><img loading=\"lazy\" decoding=\"async\" width=\"1200\" height=\"675\" data-id=\"7677785\" src=\"https:\/\/www.europesays.com\/pt\/wp-content\/uploads\/2025\/10\/compare-a-cena-da-morte-de-odete-roitman-com-a-versao-original-de-vale-tudo-13.jpg\" alt=\"compare a cena da morte de odete roitman com a versao original de vale tudo \" class=\"wp-image-7677785\"  \/><\/p>\n<p>Odete Roitman morreu! (Foto: Reprodu\u00e7\u00e3o, Globoplay)<\/p>\n<p><img loading=\"lazy\" decoding=\"async\" width=\"1200\" height=\"675\" data-id=\"7677786\" src=\"https:\/\/www.europesays.com\/pt\/wp-content\/uploads\/2025\/10\/compare-a-cena-da-morte-de-odete-roitman-com-a-versao-original-de-vale-tudo-14.jpg\" alt=\"\" class=\"wp-image-7677786\"  \/><\/p>\n<p>No remake, uma cena com mais tens\u00e3o. (Foto: Reprodu\u00e7\u00e3o, Globoplay)<\/p>\n<p><img loading=\"lazy\" decoding=\"async\" width=\"1200\" height=\"675\" data-id=\"7677788\" src=\"https:\/\/www.europesays.com\/pt\/wp-content\/uploads\/2025\/10\/compare-a-cena-da-morte-de-odete-roitman-com-a-versao-original-de-vale-tudo-16.jpg\" alt=\"compare a cena da morte de odete roitman com a versao original de vale tudo \" class=\"wp-image-7677788\"  \/><\/p>\n<p>Marco Aur\u00e9lio e Leila querem algum tipo de acerto com Odete (Foto: Reprodu\u00e7\u00e3o, Globoplay)<\/p>\n<p><img loading=\"lazy\" decoding=\"async\" width=\"1200\" height=\"675\" data-id=\"7677787\" src=\"https:\/\/www.europesays.com\/pt\/wp-content\/uploads\/2025\/10\/compare-a-cena-da-morte-de-odete-roitman-com-a-versao-original-de-vale-tudo-15.jpg\" alt=\"\" class=\"wp-image-7677787\"  \/><\/p>\n<p>Leila est\u00e1 tensa (Foto: Reprodu\u00e7\u00e3o, Globoplay)<\/p>\n<p><img loading=\"lazy\" decoding=\"async\" width=\"1200\" height=\"675\" data-id=\"7677790\" src=\"https:\/\/www.europesays.com\/pt\/wp-content\/uploads\/2025\/10\/1760455952_242_compare-a-cena-da-morte-de-odete-roitman-com-a-versao-original-de-vale-tudo-18.jpg\" alt=\"compare a cena da morte de odete roitman com a versao original de vale tudo \" class=\"wp-image-7677790\"  \/><\/p>\n<p>C\u00e9sar e Olavo planejam matar Odete tamb\u00e9m (Foto: Reprodu\u00e7\u00e3o, Globoplay)<\/p>\n<p><img loading=\"lazy\" decoding=\"async\" width=\"1200\" height=\"675\" data-id=\"7677791\" src=\"https:\/\/www.europesays.com\/pt\/wp-content\/uploads\/2025\/10\/compare-a-cena-da-morte-de-odete-roitman-com-a-versao-original-de-vale-tudo-19.jpg\" alt=\"\" class=\"wp-image-7677791\"  \/><\/p>\n<p>Celina sai da conversa com Odete no quarto de hotel transtornada (Foto: Reprodu\u00e7\u00e3o, Globoplay)<\/p>\n<p><img loading=\"lazy\" decoding=\"async\" width=\"1200\" height=\"675\" data-id=\"7677789\" src=\"https:\/\/www.europesays.com\/pt\/wp-content\/uploads\/2025\/10\/compare-a-cena-da-morte-de-odete-roitman-com-a-versao-original-de-vale-tudo-17.jpg\" alt=\"compare a cena da morte de odete roitman com a versao original de vale tudo \" class=\"wp-image-7677789\"  \/><\/p>\n<p>F\u00e1tima tamb\u00e9m estava no hotel (Foto: Reprodu\u00e7\u00e3o, Globoplay)<\/p>\n<p><img loading=\"lazy\" decoding=\"async\" width=\"1200\" height=\"675\" data-id=\"7677794\" src=\"https:\/\/www.europesays.com\/pt\/wp-content\/uploads\/2025\/10\/compare-a-cena-da-morte-de-odete-roitman-com-a-versao-original-de-vale-tudo-22.jpg\" alt=\"\" class=\"wp-image-7677794\"  \/><\/p>\n<p>Leila e Marco Aur\u00e9lio jantam depois da conversa com Odete (Foto: Reprodu\u00e7\u00e3o, Globoplay)<\/p>\n<p><img loading=\"lazy\" decoding=\"async\" width=\"1200\" height=\"675\" data-id=\"7677792\" src=\"https:\/\/www.europesays.com\/pt\/wp-content\/uploads\/2025\/10\/compare-a-cena-da-morte-de-odete-roitman-com-a-versao-original-de-vale-tudo-20.jpg\" alt=\"compare a cena da morte de odete roitman com a versao original de vale tudo \" class=\"wp-image-7677792\"  \/><\/p>\n<p>C\u00e9sar tamb\u00e9m foi ao quarto da vil\u00e3 (Foto: Reprodu\u00e7\u00e3o, Globoplay)<\/p>\n<p><img loading=\"lazy\" decoding=\"async\" width=\"1200\" height=\"675\" data-id=\"7677774\" src=\"https:\/\/www.europesays.com\/pt\/wp-content\/uploads\/2025\/10\/compare-a-cena-da-morte-de-odete-roitman-com-a-versao-original-de-vale-tudo-23.jpg\" alt=\"\" class=\"wp-image-7677774\"  \/><\/p>\n<p>F\u00e1tima aparece na praia e joga a arma no mar (Foto: Reprodu\u00e7\u00e3o, Globoplay)<\/p>\n<p><img loading=\"lazy\" decoding=\"async\" width=\"1200\" height=\"675\" data-id=\"7677793\" src=\"https:\/\/www.europesays.com\/pt\/wp-content\/uploads\/2025\/10\/compare-a-cena-da-morte-de-odete-roitman-com-a-versao-original-de-vale-tudo-21.jpg\" alt=\"compare a cena da morte de odete roitman com a versao original de vale tudo \" class=\"wp-image-7677793\"  \/><\/p>\n<p>C\u00e9sar aparece no apartamento com cara de que a coisa j\u00e1 foi feita (Foto: Reprodu\u00e7\u00e3o, Globoplay)<\/p>\n<p><img loading=\"lazy\" decoding=\"async\" width=\"1200\" height=\"675\" data-id=\"7677775\" src=\"https:\/\/www.europesays.com\/pt\/wp-content\/uploads\/2025\/10\/compare-a-cena-da-morte-de-odete-roitman-com-a-versao-original-de-vale-tudo-24.jpg\" alt=\"\" class=\"wp-image-7677775\"  \/><\/p>\n<p>Vemos o Copacabana Palace (Foto: Reprodu\u00e7\u00e3o, Globoplay)<\/p>\n<p><img loading=\"lazy\" decoding=\"async\" width=\"1200\" height=\"675\" data-id=\"7677778\" src=\"https:\/\/www.europesays.com\/pt\/wp-content\/uploads\/2025\/10\/compare-a-cena-da-morte-de-odete-roitman-com-a-versao-original-de-vale-tudo-27.jpg\" alt=\"compare a cena da morte de odete roitman com a versao original de vale tudo \" class=\"wp-image-7677778\"  \/><\/p>\n<p>Odete Roitman diz que ningu\u00e9m teria coragem de mat\u00e1-la (Foto: Reprodu\u00e7\u00e3o, Globoplay)<\/p>\n<p><img loading=\"lazy\" decoding=\"async\" width=\"1200\" height=\"675\" data-id=\"7677777\" src=\"https:\/\/www.europesays.com\/pt\/wp-content\/uploads\/2025\/10\/compare-a-cena-da-morte-de-odete-roitman-com-a-versao-original-de-vale-tudo-26.jpg\" alt=\"\" class=\"wp-image-7677777\"  \/><\/p>\n<p>A arma aponta para a vil\u00e3 (Foto: Reprodu\u00e7\u00e3o, Globoplay)<\/p>\n<p><img loading=\"lazy\" decoding=\"async\" width=\"1200\" height=\"675\" data-id=\"7677776\" src=\"https:\/\/www.europesays.com\/pt\/wp-content\/uploads\/2025\/10\/compare-a-cena-da-morte-de-odete-roitman-com-a-versao-original-de-vale-tudo-25.jpg\" alt=\"compare a cena da morte de odete roitman com a versao original de vale tudo \" class=\"wp-image-7677776\"  \/><\/p>\n<p>E dispara os tiros (Foto: Reprodu\u00e7\u00e3o, Globoplay)<\/p>\n<p><img loading=\"lazy\" decoding=\"async\" width=\"1200\" height=\"675\" data-id=\"7677779\" src=\"https:\/\/www.europesays.com\/pt\/wp-content\/uploads\/2025\/10\/compare-a-cena-da-morte-de-odete-roitman-com-a-versao-original-de-vale-tudo-28.jpg\" alt=\"compare a cena da morte de odete roitman com a versao original de vale tudo \" class=\"wp-image-7677779\"  \/><\/p>\n<p>Odete Roitman morreu! (Foto: Reprodu\u00e7\u00e3o, Globoplay)<\/p>\n<p>*Sob supervis\u00e3o de Pablo Brito<\/p>\n<p>Voc\u00ea tamb\u00e9m vai gostar de ler: <a href=\"https:\/\/www.nsctotal.com.br\/noticias\/o-que-se-sabe-sobre-o-novo-programa-de-eliana-na-globo\" target=\"_blank\" rel=\"noreferrer noopener nofollow\"><strong>O que se sabe sobre o novo programa de Eliana na Globo<\/strong><\/a> e <a href=\"https:\/\/www.nsctotal.com.br\/noticias\/vale-tudo-o-que-muda-no-final-da-historia-de-maria-de-fatima\" target=\"_blank\" rel=\"noreferrer noopener nofollow\"><strong>Vale Tudo: o que muda no final da hist\u00f3ria de Maria de F\u00e1tima<\/strong><\/a>.<\/p>\n<p>Continua depois da publicidade<\/p>\n","protected":false},"excerpt":{"rendered":"Celina \u00e9 uma das suspeitas de matar Odete (Foto: Globoplay, Reprodu\u00e7\u00e3o) O mist\u00e9rio que ronda a morte de&hellip;\n","protected":false},"author":2,"featured_media":110622,"comment_status":"","ping_status":"","sticky":false,"template":"","format":"standard","meta":{"footnotes":""},"categories":[142],"tags":[114,115,32,33,151,794],"class_list":{"0":"post-110621","1":"post","2":"type-post","3":"status-publish","4":"format-standard","5":"has-post-thumbnail","7":"category-tv","8":"tag-entertainment","9":"tag-entretenimento","10":"tag-portugal","11":"tag-pt","12":"tag-tv","13":"tag-voce-viu"},"share_on_mastodon":{"url":"","error":""},"_links":{"self":[{"href":"https:\/\/www.europesays.com\/pt\/wp-json\/wp\/v2\/posts\/110621","targetHints":{"allow":["GET"]}}],"collection":[{"href":"https:\/\/www.europesays.com\/pt\/wp-json\/wp\/v2\/posts"}],"about":[{"href":"https:\/\/www.europesays.com\/pt\/wp-json\/wp\/v2\/types\/post"}],"author":[{"embeddable":true,"href":"https:\/\/www.europesays.com\/pt\/wp-json\/wp\/v2\/users\/2"}],"replies":[{"embeddable":true,"href":"https:\/\/www.europesays.com\/pt\/wp-json\/wp\/v2\/comments?post=110621"}],"version-history":[{"count":0,"href":"https:\/\/www.europesays.com\/pt\/wp-json\/wp\/v2\/posts\/110621\/revisions"}],"wp:featuredmedia":[{"embeddable":true,"href":"https:\/\/www.europesays.com\/pt\/wp-json\/wp\/v2\/media\/110622"}],"wp:attachment":[{"href":"https:\/\/www.europesays.com\/pt\/wp-json\/wp\/v2\/media?parent=110621"}],"wp:term":[{"taxonomy":"category","embeddable":true,"href":"https:\/\/www.europesays.com\/pt\/wp-json\/wp\/v2\/categories?post=110621"},{"taxonomy":"post_tag","embeddable":true,"href":"https:\/\/www.europesays.com\/pt\/wp-json\/wp\/v2\/tags?post=110621"}],"curies":[{"name":"wp","href":"https:\/\/api.w.org\/{rel}","templated":true}]}}