{"id":110627,"date":"2025-10-14T15:36:16","date_gmt":"2025-10-14T15:36:16","guid":{"rendered":"https:\/\/www.europesays.com\/pt\/110627\/"},"modified":"2025-10-14T15:36:16","modified_gmt":"2025-10-14T15:36:16","slug":"condicoes-neurologicas-afetam-42-da-populacao-mundial-saiba-quais","status":"publish","type":"post","link":"https:\/\/www.europesays.com\/pt\/110627\/","title":{"rendered":"condi\u00e7\u00f5es neurol\u00f3gicas afetam 42% da popula\u00e7\u00e3o mundial; saiba quais"},"content":{"rendered":"<p>Um novo relat\u00f3rio da Organiza\u00e7\u00e3o Mundial da Sa\u00fade, lan\u00e7ado nesta ter\u00e7a-feira, aponta que condi\u00e7\u00f5es neurol\u00f3gicas afetam 42% da popula\u00e7\u00e3o mundial, o equivalente a 3,4 bilh\u00f5es de pessoas. Esse percentual chega a ser de 49,6% na Europa e 48,1% nas Am\u00e9ricas. Al\u00e9m disso, o documento mostra que os diagn\u00f3sticos s\u00e3o respons\u00e1veis por 11,8 milh\u00f5es de mortes globalmente a cada ano.<\/p>\n<p>\u201cCom mais de 1 em cada 3 pessoas no mundo vivendo com condi\u00e7\u00f5es que afetam o c\u00e9rebro, precisamos fazer tudo que pudermos para melhorar o atendimento que elas necessitam\u201d, diz, em nota, Jeremy Farrar, diretor-assistente geral da divis\u00e3o de Promo\u00e7\u00e3o da Sa\u00fade, Preven\u00e7\u00e3o e Controle de Doen\u00e7as da OMS.<\/p>\n<p>\u201cMuitas dessas condi\u00e7\u00f5es neurol\u00f3gicas podem ser prevenidas ou tratadas de forma eficaz, mas os servi\u00e7os ainda est\u00e3o fora do alcance da maioria \u2014 especialmente em \u00e1reas rurais e desassistidas \u2014 onde as pessoas frequentemente enfrentam estigma, exclus\u00e3o social e dificuldades financeiras\u201d, continua.<\/p>\n<p class=\"py-2\">Continua depois da publicidade<\/p>\n<p>O relat\u00f3rio usou dados de 2021 do Estudo Carga Global de Doen\u00e7as (GBD), Estudo de Les\u00f5es e Fatores de Risco e de uma colabora\u00e7\u00e3o recente com o Instituto de M\u00e9tricas e Avalia\u00e7\u00e3o em Sa\u00fade para quantificar a perda de sa\u00fade relacionada \u00e0s condi\u00e7\u00f5es que acometem o sistema nervoso. Ao todo, foram considerados 37 diagn\u00f3sticos, que v\u00e3o da doen\u00e7a de Alzheimer at\u00e9 enxaquecas. S\u00e3o eles:<\/p>\n<ul class=\"wp-block-list\">\n<li>Doen\u00e7a de Alzheimer e outras dem\u00eancias<\/li>\n<li>Transtorno de d\u00e9ficit de aten\u00e7\u00e3o\/hiperatividade (TDAH)<\/li>\n<li>Transtornos do espectro autista<\/li>\n<li>Mal\u00e1ria cerebral<\/li>\n<li>Comprometimento cognitivo ou s\u00edndrome de Guillain-Barr\u00e9 devido \u00e0 Covid-19<\/li>\n<li>Neuros\u00edfilis cong\u00eanita e adulta<\/li>\n<li>Neuropatia diab\u00e9tica<\/li>\n<li>Encefalite<\/li>\n<li>Epilepsia (idiop\u00e1tica)<\/li>\n<li>Epilepsia devido \u00e0 equinococose<\/li>\n<li>S\u00edndrome alco\u00f3lica fetal<\/li>\n<li>S\u00edndrome de Guillain-Barr\u00e9 (SGB)<\/li>\n<li>Defici\u00eancia intelectual de desenvolvimento idiop\u00e1tica<\/li>\n<li>Meningite<\/li>\n<li>Enxaqueca<\/li>\n<li>Doen\u00e7a do neur\u00f4nio motor<\/li>\n<li>Esclerose m\u00faltipla<\/li>\n<li>Encefalopatia neonatal<\/li>\n<li>C\u00e2nceres do sistema nervoso (SNC; neuroblastoma e outros tumores perif\u00e9ricos de c\u00e9lulas nervosas; a categoria inclui casos prim\u00e1rios pedi\u00e1tricos e adultos, excluindo met\u00e1stases)<\/li>\n<li>Defeitos do tubo neural<\/li>\n<li>Neurocisticercose<\/li>\n<li>Complica\u00e7\u00f5es neurol\u00f3gicas devido a defeitos cong\u00eanitos de nascimento<\/li>\n<li>Complica\u00e7\u00f5es neurol\u00f3gicas devido \u00e0 s\u00edndrome cong\u00eanita do v\u00edrus Zika<\/li>\n<li>Complica\u00e7\u00f5es neurol\u00f3gicas devido \u00e0 s\u00edndrome de Down<\/li>\n<li>Complica\u00e7\u00f5es neurol\u00f3gicas devido \u00e0 s\u00edndrome de Klinefelter<\/li>\n<li>Complica\u00e7\u00f5es neurol\u00f3gicas devido a outras anomalias cromoss\u00f4micas<\/li>\n<li>Complica\u00e7\u00f5es neurol\u00f3gicas devido \u00e0 icter\u00edcia neonatal<\/li>\n<li>Complica\u00e7\u00f5es neurol\u00f3gicas devido \u00e0 sepse neonatal<\/li>\n<li>Complica\u00e7\u00f5es neurol\u00f3gicas devido ao nascimento prematuro<\/li>\n<li>Outros dist\u00farbios neurol\u00f3gicos (incluindo doen\u00e7as degenerativas, dist\u00farbios do sistema nervoso aut\u00f4nomo, dist\u00farbios do movimento, doen\u00e7a espinocerebelar, dist\u00farbios das ra\u00edzes nervosas e plexos, dist\u00farbios dos nervos perif\u00e9ricos, dist\u00farbios neuromusculares e doen\u00e7as musculares, como miopatias)<\/li>\n<li>Doen\u00e7a de Parkinson<\/li>\n<li>Raiva<\/li>\n<li>Les\u00e3o da medula espinhal<\/li>\n<li>Acidente vascular cerebral (AVC isqu\u00eamico, hemorragia subaracnoide, hemorragia intracerebral)<\/li>\n<li>Cefaleia tipo tensional<\/li>\n<li>T\u00e9tano<\/li>\n<li>Traumatismo cranioencef\u00e1lico<\/li>\n<\/ul>\n<p>Em rela\u00e7\u00e3o a quadros de incapacidade e \u00f3bitos, as 10 condi\u00e7\u00f5es que mais contribu\u00edram foram: acidente vascular cerebral (AVC), encefalopatia neonatal, enxaqueca, doen\u00e7a de Alzheimer e outras dem\u00eancias, neuropatia diab\u00e9tica, meningite, epilepsia idiop\u00e1tica, complica\u00e7\u00f5es neurol\u00f3gicas relacionadas ao nascimento prematuro, transtornos do espectro autista e c\u00e2nceres do sistema nervoso.<\/p>\n<p>O relat\u00f3rio, o primeiro sobre quest\u00f5es neurol\u00f3gicas lan\u00e7ado pela OMS, destaca que apenas 53% dos Estados-Membros contribu\u00edram para o estudo, o que revela a aten\u00e7\u00e3o limitada dada \u00e0 neurologia pelos pa\u00edses. Al\u00e9m disso, apenas 32%, menos de 1 em cada 3, possuem uma pol\u00edtica nacional voltada aos diagn\u00f3sticos; 25% incluem dist\u00farbios neurol\u00f3gicos na cobertura universal de sa\u00fade, e somente 18% relatam ter financiamento destinado a enfrent\u00e1-los.<\/p>\n<p>O cen\u00e1rio tamb\u00e9m \u00e9 desigual, com pa\u00edses de baixa renda registrando at\u00e9 82 vezes menos neurologistas por 100 mil pessoas do que os de renda alta. O que faz com que, para muitos pacientes, \u201cdiagn\u00f3stico, tratamento e cuidados cont\u00ednuos estejam simplesmente fora do alcance\u201d, alerta a organiza\u00e7\u00e3o.<\/p>\n<p>\u201cServi\u00e7os cr\u00edticos como unidades de AVC, neurologia pedi\u00e1trica, reabilita\u00e7\u00e3o e cuidados paliativos frequentemente s\u00e3o escassos ou concentrados em \u00e1reas urbanas, deixando popula\u00e7\u00f5es rurais e desassistidas sem acesso a cuidados que salvam e sustentam vidas\u201d, afirma a OMS.<\/p>\n<p>Em rela\u00e7\u00e3o aos cuidadores, somente 46 dos 194 Estados-Membros oferecem servi\u00e7os de apoio, e apenas 44 possuem prote\u00e7\u00f5es legais para eles. Essa realidade de falta de reconhecimento ou apoio refor\u00e7a desigualdades sociais e imp\u00f5e grande press\u00e3o financeira \u00e0s fam\u00edlias, segundo a institui\u00e7\u00e3o.<\/p>\n<p class=\"py-2\">Continua depois da publicidade<\/p>\n<p>No Brasil, dados do Relat\u00f3rio Nacional sobre a Dem\u00eancia no Brasil (ReNaDe), de 2024, mostram que 86% dos cuidadores s\u00e3o mulheres, e 83,6% s\u00e3o familiares. Em m\u00e9dia, o tempo di\u00e1rio dedicado ao cuidado \u00e9 de 10 horas e 12 minutos, sete dias por semana, sem qualquer apoio financeiro. Apesar da alta carga hor\u00e1ria demandada, 65,7% dos cuidadores mant\u00eam outro trabalho.<\/p>\n<p>A OMS lembra que os Estados-Membros adotaram o Plano de a\u00e7\u00e3o global intersetorial sobre epilepsia e outros dist\u00farbios neurol\u00f3gicos em 2022 com o objetivo de reduzir o impacto dessas condi\u00e7\u00f5es. Neste contexto, a organiza\u00e7\u00e3o pede que os governos:<\/p>\n<ul class=\"wp-block-list\">\n<li>tornem os dist\u00farbios neurol\u00f3gicos uma prioridade pol\u00edtica por meio de lideran\u00e7a corajosa e investimento sustentado;<\/li>\n<li>promovam a expans\u00e3o do acesso ao cuidado neurol\u00f3gico por meio da cobertura de sa\u00fade universal e fortalecimento dos sistemas de sa\u00fade;<\/li>\n<li>promovam a sa\u00fade cerebral ao longo da vida com a\u00e7\u00f5es intersetoriais coordenadas, abordando fatores de risco e de prote\u00e7\u00e3o; e<\/li>\n<li>fortale\u00e7am sistemas de dados e monitoramento para decis\u00f5es baseadas em evid\u00eancias e presta\u00e7\u00e3o de contas.\u00a0<\/li>\n<\/ul>\n","protected":false},"excerpt":{"rendered":"Um novo relat\u00f3rio da Organiza\u00e7\u00e3o Mundial da Sa\u00fade, lan\u00e7ado nesta ter\u00e7a-feira, aponta que condi\u00e7\u00f5es neurol\u00f3gicas afetam 42% da&hellip;\n","protected":false},"author":2,"featured_media":110628,"comment_status":"","ping_status":"","sticky":false,"template":"","format":"standard","meta":{"footnotes":""},"categories":[86],"tags":[319,116,7654,2778,32,33,117],"class_list":{"0":"post-110627","1":"post","2":"type-post","3":"status-publish","4":"format-standard","5":"has-post-thumbnail","7":"category-saude","8":"tag-hard-news","9":"tag-health","10":"tag-neurologia","11":"tag-oms","12":"tag-portugal","13":"tag-pt","14":"tag-saude"},"share_on_mastodon":{"url":"","error":""},"_links":{"self":[{"href":"https:\/\/www.europesays.com\/pt\/wp-json\/wp\/v2\/posts\/110627","targetHints":{"allow":["GET"]}}],"collection":[{"href":"https:\/\/www.europesays.com\/pt\/wp-json\/wp\/v2\/posts"}],"about":[{"href":"https:\/\/www.europesays.com\/pt\/wp-json\/wp\/v2\/types\/post"}],"author":[{"embeddable":true,"href":"https:\/\/www.europesays.com\/pt\/wp-json\/wp\/v2\/users\/2"}],"replies":[{"embeddable":true,"href":"https:\/\/www.europesays.com\/pt\/wp-json\/wp\/v2\/comments?post=110627"}],"version-history":[{"count":0,"href":"https:\/\/www.europesays.com\/pt\/wp-json\/wp\/v2\/posts\/110627\/revisions"}],"wp:featuredmedia":[{"embeddable":true,"href":"https:\/\/www.europesays.com\/pt\/wp-json\/wp\/v2\/media\/110628"}],"wp:attachment":[{"href":"https:\/\/www.europesays.com\/pt\/wp-json\/wp\/v2\/media?parent=110627"}],"wp:term":[{"taxonomy":"category","embeddable":true,"href":"https:\/\/www.europesays.com\/pt\/wp-json\/wp\/v2\/categories?post=110627"},{"taxonomy":"post_tag","embeddable":true,"href":"https:\/\/www.europesays.com\/pt\/wp-json\/wp\/v2\/tags?post=110627"}],"curies":[{"name":"wp","href":"https:\/\/api.w.org\/{rel}","templated":true}]}}