{"id":110639,"date":"2025-10-14T15:45:12","date_gmt":"2025-10-14T15:45:12","guid":{"rendered":"https:\/\/www.europesays.com\/pt\/110639\/"},"modified":"2025-10-14T15:45:12","modified_gmt":"2025-10-14T15:45:12","slug":"livro-a-legiao-estrangeira-de-clarice-lispector-chega-as-livrarias-segunda-feira","status":"publish","type":"post","link":"https:\/\/www.europesays.com\/pt\/110639\/","title":{"rendered":"Livro &#8220;A Legi\u00e3o Estrangeira&#8221; de Clarice Lispector chega \u00e0s livrarias segunda-feira"},"content":{"rendered":"<p>O livro &#8220;A Legi\u00e3o Estrangeira&#8221;, da brasileira Clarice Lispector (1920-1977), \u00e9 publicado em Portugal pela primeira vez, chegando \u00e0s livrarias na pr\u00f3xima segunda-feira, anunciou a Companhia das Letras.\n<\/p>\n<p><strong>O livro re\u00fane 13 contos e &#8220;mais de uma centena de cr\u00f3nicas, ensaios, textos h\u00edbridos&#8221;, <\/strong>segundo a editora do grupo Penguin Random House, em comunicado.\n<\/p>\n<p>&#8220;Sob o holofote da escrita inigual\u00e1vel de Clarice Lispector, desfilam o aborrecimento quotidiano, o estranhamento do mundo, o enigma da cria\u00e7\u00e3o art\u00edstica e uma fundacional solid\u00e3o.<strong> De &#8220;Os desastres de Sofia&#8221; ou &#8220;O ovo e a galinha&#8221; a &#8220;Instant\u00e2neo de uma senhora&#8221; ou &#8220;Uma imagem de prazer&#8221;&#8221;, este t\u00edtulo in\u00e9dito em Portugal &#8220;reconstr\u00f3i ideias sobre erotismo, velhice, la\u00e7os de amizade, preceitos sociais, valores de fam\u00edlia, liga\u00e7\u00f5es perigosas&#8221;.<\/strong>\n<\/p>\n<p>&#8220;Com este volume, recuperamos a edi\u00e7\u00e3o original de &#8220;A legi\u00e3o estrangeira&#8221;, conforme organizada pela autora em 1964, e at\u00e9 agora in\u00e9dita em Portugal&#8221;, afirma o grupo editorial.\n<\/p>\n<p>Clarice Lispector nasceu a 10 de dezembro de 1920 na Ucr\u00e2nia. Aos 2 anos, a sua fam\u00edlia, para fugir \u00e0 guerra civil e \u00e0 persegui\u00e7\u00e3o e aos ataques contra judeus, emigrou para o nordeste do Brasil, onde mudou de nome.\n<\/p>\n<p>Em 1939, Clarice Lispector foi estudar Direito no Rio de Janeiro. No ano seguinte, come\u00e7ou a trabalhar como jornalista e publicou, numa revista, o primeiro conto.\n<\/p>\n<p>Casada desde 1943 com um diplomata, a partir do ano seguinte viveu na Europa &#8211; N\u00e1poles, Berna, Torquay &#8211; e em Washington, at\u00e9 que regressou ao Brasil em 1959, ap\u00f3s o div\u00f3rcio.\n<\/p>\n<p>Clarice Lispector protagonizou uma carreira liter\u00e1ria de cerca de 40 anos, publicou cerca de 20 livros, entre romances, contos, cr\u00f3nicas, correspond\u00eancia, artigos v\u00e1rios e fic\u00e7\u00e3o infantil.\n<\/p>\n<p>Morreu no Rio de Janeiro, em dezembro de 1977, na v\u00e9spera de completar 57 anos.<\/p>\n","protected":false},"excerpt":{"rendered":"O livro &#8220;A Legi\u00e3o Estrangeira&#8221;, da brasileira Clarice Lispector (1920-1977), \u00e9 publicado em Portugal pela primeira vez, chegando&hellip;\n","protected":false},"author":2,"featured_media":110640,"comment_status":"","ping_status":"","sticky":false,"template":"","format":"standard","meta":{"footnotes":""},"categories":[143],"tags":[169,114,115,170,32,33],"class_list":{"0":"post-110639","1":"post","2":"type-post","3":"status-publish","4":"format-standard","5":"has-post-thumbnail","7":"category-livros","8":"tag-books","9":"tag-entertainment","10":"tag-entretenimento","11":"tag-livros","12":"tag-portugal","13":"tag-pt"},"share_on_mastodon":{"url":"","error":""},"_links":{"self":[{"href":"https:\/\/www.europesays.com\/pt\/wp-json\/wp\/v2\/posts\/110639","targetHints":{"allow":["GET"]}}],"collection":[{"href":"https:\/\/www.europesays.com\/pt\/wp-json\/wp\/v2\/posts"}],"about":[{"href":"https:\/\/www.europesays.com\/pt\/wp-json\/wp\/v2\/types\/post"}],"author":[{"embeddable":true,"href":"https:\/\/www.europesays.com\/pt\/wp-json\/wp\/v2\/users\/2"}],"replies":[{"embeddable":true,"href":"https:\/\/www.europesays.com\/pt\/wp-json\/wp\/v2\/comments?post=110639"}],"version-history":[{"count":0,"href":"https:\/\/www.europesays.com\/pt\/wp-json\/wp\/v2\/posts\/110639\/revisions"}],"wp:featuredmedia":[{"embeddable":true,"href":"https:\/\/www.europesays.com\/pt\/wp-json\/wp\/v2\/media\/110640"}],"wp:attachment":[{"href":"https:\/\/www.europesays.com\/pt\/wp-json\/wp\/v2\/media?parent=110639"}],"wp:term":[{"taxonomy":"category","embeddable":true,"href":"https:\/\/www.europesays.com\/pt\/wp-json\/wp\/v2\/categories?post=110639"},{"taxonomy":"post_tag","embeddable":true,"href":"https:\/\/www.europesays.com\/pt\/wp-json\/wp\/v2\/tags?post=110639"}],"curies":[{"name":"wp","href":"https:\/\/api.w.org\/{rel}","templated":true}]}}