{"id":110681,"date":"2025-10-14T16:14:09","date_gmt":"2025-10-14T16:14:09","guid":{"rendered":"https:\/\/www.europesays.com\/pt\/110681\/"},"modified":"2025-10-14T16:14:09","modified_gmt":"2025-10-14T16:14:09","slug":"triangulo-amoroso-ines-desfaz-se-em-elogios-a-dylan-secret-story","status":"publish","type":"post","link":"https:\/\/www.europesays.com\/pt\/110681\/","title":{"rendered":"Tri\u00e2ngulo amoroso? In\u00eas desfaz-se em elogios a Dylan &#8211; Secret Story"},"content":{"rendered":"<p>No Secret Story 9, In\u00eas deixou os colegas surpreendidos ao encher Dylan de elogios durante din\u00e2mica.<\/p>\n<p><strong>No Especial do Secret Story 9, desta segunda-feira fic\u00e1mos a conhecer os nomeados da semana. J\u00e1 pode votar para salvar o seu concorrente favorito:<\/strong><\/p>\n<p><strong>ANA CRISTINA \u2013 761 20 20 02<\/strong><\/p>\n<p><strong>BRUNA \u2013 761 20 20 03<\/strong><\/p>\n<p><strong>DYLAN \u2013 761 20 20 07<\/strong><\/p>\n<p><strong>JOANA \u2013 761 20 20 11<\/strong><\/p>\n<p><strong>MARISA SUSANA \u2013 761 20 20 17<\/strong><\/p>\n<p><strong><a href=\"https:\/\/tvi.iol.pt\/secretstory\/aominuto\" wbo-id=\"32\" rel=\"nofollow noopener\" target=\"_blank\">Veja aqui tudo o que se passa na casa do Secret Story 9!<\/a><\/strong><\/p>\n","protected":false},"excerpt":{"rendered":"No Secret Story 9, In\u00eas deixou os colegas surpreendidos ao encher Dylan de elogios durante din\u00e2mica. No Especial&hellip;\n","protected":false},"author":2,"featured_media":110682,"comment_status":"","ping_status":"","sticky":false,"template":"","format":"standard","meta":{"footnotes":""},"categories":[142],"tags":[19105,114,115,19033,15353,19034,32,33,151,19032],"class_list":{"0":"post-110681","1":"post","2":"type-post","3":"status-publish","4":"format-standard","5":"has-post-thumbnail","7":"category-tv","8":"tag-dylan","9":"tag-entertainment","10":"tag-entretenimento","11":"tag-galas-em-video","12":"tag-ines","13":"tag-melhores-momentos-casa-dos-segredos","14":"tag-portugal","15":"tag-pt","16":"tag-tv","17":"tag-videos-secret-story-tvi"},"share_on_mastodon":{"url":"","error":""},"_links":{"self":[{"href":"https:\/\/www.europesays.com\/pt\/wp-json\/wp\/v2\/posts\/110681","targetHints":{"allow":["GET"]}}],"collection":[{"href":"https:\/\/www.europesays.com\/pt\/wp-json\/wp\/v2\/posts"}],"about":[{"href":"https:\/\/www.europesays.com\/pt\/wp-json\/wp\/v2\/types\/post"}],"author":[{"embeddable":true,"href":"https:\/\/www.europesays.com\/pt\/wp-json\/wp\/v2\/users\/2"}],"replies":[{"embeddable":true,"href":"https:\/\/www.europesays.com\/pt\/wp-json\/wp\/v2\/comments?post=110681"}],"version-history":[{"count":0,"href":"https:\/\/www.europesays.com\/pt\/wp-json\/wp\/v2\/posts\/110681\/revisions"}],"wp:featuredmedia":[{"embeddable":true,"href":"https:\/\/www.europesays.com\/pt\/wp-json\/wp\/v2\/media\/110682"}],"wp:attachment":[{"href":"https:\/\/www.europesays.com\/pt\/wp-json\/wp\/v2\/media?parent=110681"}],"wp:term":[{"taxonomy":"category","embeddable":true,"href":"https:\/\/www.europesays.com\/pt\/wp-json\/wp\/v2\/categories?post=110681"},{"taxonomy":"post_tag","embeddable":true,"href":"https:\/\/www.europesays.com\/pt\/wp-json\/wp\/v2\/tags?post=110681"}],"curies":[{"name":"wp","href":"https:\/\/api.w.org\/{rel}","templated":true}]}}