{"id":110748,"date":"2025-10-14T17:07:09","date_gmt":"2025-10-14T17:07:09","guid":{"rendered":"https:\/\/www.europesays.com\/pt\/110748\/"},"modified":"2025-10-14T17:07:09","modified_gmt":"2025-10-14T17:07:09","slug":"poupanca-em-dirigentes-ministro-da-reforma-do-estado-afasta-despedimentos-e-corte-de-salarios","status":"publish","type":"post","link":"https:\/\/www.europesays.com\/pt\/110748\/","title":{"rendered":"&#8220;Poupan\u00e7a em dirigentes&#8221;. Ministro da Reforma do Estado afasta despedimentos e corte de sal\u00e1rios"},"content":{"rendered":"<p>&#13;<br \/>\nO governante, que falava na Comiss\u00e3o Parlamentar da Reforma do Estado e do Poder local, referiu tamb\u00e9m que a poupan\u00e7a da reforma do Estado se concentra na liberta\u00e7\u00e3o de &#8220;recursos do Estado e da sociedade para fazer crescer a economia&#8221;.&#13;\n<\/p>\n<p>&#13;<br \/>\nGon\u00e7alo Matias destacou ainda outros tipos de poupan\u00e7a provenientes da Reforma, nomeadamente a liberta\u00e7\u00e3o de patrim\u00f3nio e redu\u00e7\u00e3o da cadeia hier\u00e1rquica dentro dos organismos do Estado. &#13;\n<\/p>\n<p>&#13;<br \/>\nO ministro referiu que o Estado far\u00e1 &#8220;poupan\u00e7a em dirigentes&#8221;, na medida em que ir\u00e1 &#8220;reduzir a cadeia hier\u00e1rquica&#8221; dentro das organiza\u00e7\u00f5es.&#13;\n<\/p>\n<p>&#13;<br \/>\nGon\u00e7alo Matias afirmou ainda que ficar\u00e3o libertos &#8220;dezenas de milh\u00f5es de euros&#8221; em patrim\u00f3nio com a desloca\u00e7\u00e3o dos Minist\u00e9rios para o Campos XXI.&#13;<\/p>\n","protected":false},"excerpt":{"rendered":"&#13; O governante, que falava na Comiss\u00e3o Parlamentar da Reforma do Estado e do Poder local, referiu tamb\u00e9m&hellip;\n","protected":false},"author":2,"featured_media":110749,"comment_status":"","ping_status":"","sticky":false,"template":"","format":"standard","meta":{"footnotes":""},"categories":[8],"tags":[27,28,15,16,14,25,26,21,22,12,13,19,20,32,23,24,33,420,421,17,18,29,30,31],"class_list":{"0":"post-110748","1":"post","2":"type-post","3":"status-publish","4":"format-standard","5":"has-post-thumbnail","7":"category-principais-noticias","8":"tag-breaking-news","9":"tag-breakingnews","10":"tag-featured-news","11":"tag-featurednews","12":"tag-headlines","13":"tag-latest-news","14":"tag-latestnews","15":"tag-main-news","16":"tag-mainnews","17":"tag-news","18":"tag-noticias","19":"tag-noticias-principais","20":"tag-noticiasprincipais","21":"tag-portugal","22":"tag-principais-noticias","23":"tag-principaisnoticias","24":"tag-pt","25":"tag-rtp","26":"tag-rtp-noticias","27":"tag-top-stories","28":"tag-topstories","29":"tag-ultimas","30":"tag-ultimas-noticias","31":"tag-ultimasnoticias"},"share_on_mastodon":{"url":"","error":""},"_links":{"self":[{"href":"https:\/\/www.europesays.com\/pt\/wp-json\/wp\/v2\/posts\/110748","targetHints":{"allow":["GET"]}}],"collection":[{"href":"https:\/\/www.europesays.com\/pt\/wp-json\/wp\/v2\/posts"}],"about":[{"href":"https:\/\/www.europesays.com\/pt\/wp-json\/wp\/v2\/types\/post"}],"author":[{"embeddable":true,"href":"https:\/\/www.europesays.com\/pt\/wp-json\/wp\/v2\/users\/2"}],"replies":[{"embeddable":true,"href":"https:\/\/www.europesays.com\/pt\/wp-json\/wp\/v2\/comments?post=110748"}],"version-history":[{"count":0,"href":"https:\/\/www.europesays.com\/pt\/wp-json\/wp\/v2\/posts\/110748\/revisions"}],"wp:featuredmedia":[{"embeddable":true,"href":"https:\/\/www.europesays.com\/pt\/wp-json\/wp\/v2\/media\/110749"}],"wp:attachment":[{"href":"https:\/\/www.europesays.com\/pt\/wp-json\/wp\/v2\/media?parent=110748"}],"wp:term":[{"taxonomy":"category","embeddable":true,"href":"https:\/\/www.europesays.com\/pt\/wp-json\/wp\/v2\/categories?post=110748"},{"taxonomy":"post_tag","embeddable":true,"href":"https:\/\/www.europesays.com\/pt\/wp-json\/wp\/v2\/tags?post=110748"}],"curies":[{"name":"wp","href":"https:\/\/api.w.org\/{rel}","templated":true}]}}