{"id":110821,"date":"2025-10-14T18:20:16","date_gmt":"2025-10-14T18:20:16","guid":{"rendered":"https:\/\/www.europesays.com\/pt\/110821\/"},"modified":"2025-10-14T18:20:16","modified_gmt":"2025-10-14T18:20:16","slug":"lancamento-do-livro-se-baterem-cantem-em-bh-relembra-resistencia-estudantil-a-ditadura-brasil-de-fato","status":"publish","type":"post","link":"https:\/\/www.europesays.com\/pt\/110821\/","title":{"rendered":"Lan\u00e7amento do livro \u2018Se baterem, cantem\u2019, em BH, relembra resist\u00eancia estudantil \u00e0 ditadura \u2014 Brasil de Fato"},"content":{"rendered":"<p>O Diret\u00f3rio Acad\u00eamico da Faculdade de Medicina da UFMG recebeu, no dia 11 de outubro, o lan\u00e7amento do livro Se baterem, cantem! \u2013 Estudantes desafiam a ditadura em 1977, organizado pela jornalista e historiadora C\u00e2ndida Em\u00edlia Borges Lemos e publicado pela Quixote Editora. O evento reuniu ex-estudantes, pesquisadores e militantes que participaram da resist\u00eancia \u00e0 ditadura militar, em uma tarde marcada por mem\u00f3ria, emo\u00e7\u00e3o e reflex\u00e3o sobre a hist\u00f3ria recente do pa\u00eds.<\/p>\n<p>A obra reconstr\u00f3i um dos epis\u00f3dios mais marcantes da luta estudantil no Brasil: a pris\u00e3o de 850 jovens em Belo Horizonte, durante o III Encontro Nacional dos Estudantes, que buscava reorganizar a Uni\u00e3o Nacional dos Estudantes (UNE). O epis\u00f3dio, amplamente noticiado pela imprensa nacional e internacional, tornou-se a maior deten\u00e7\u00e3o em massa dos 21 anos de regime militar.<\/p>\n<p><img loading=\"lazy\" data-od-unknown-tag=\"\" data-od-xpath=\"\/HTML\/BODY\/DIV[@class='jeg_viewport']\/*[5][self::DIV]\/*[1][self::DIV]\/*[1][self::DIV]\/*[1][self::DIV]\/*[1][self::DIV]\/*[1][self::DIV]\/*[2][self::DIV]\/*[1][self::DIV]\/*[1][self::DIV]\/*[2][self::DIV]\/*[2][self::DIV]\/*[5][self::DIV]\/*[2][self::DIV]\/*[4][self::FIGURE]\/*[1][self::IMG]\" data-dominant-color=\"595e73\" data-has-transparency=\"false\" style=\"--dominant-color: #595e73;\" decoding=\"async\" width=\"1024\" height=\"729\"  src=\"https:\/\/www.europesays.com\/pt\/wp-content\/uploads\/2025\/10\/WhatsApp-Image-2025-10-13-at-19.15.38-1024x729.webp.webp\" alt=\"\" class=\"wp-image-853159 not-transparent\" \/>Capa do livro Se baterem, cantem!<\/p>\n<p>Resultado de uma pesquisa minuciosa, o livro re\u00fane depoimentos de estudantes, jornalistas e militantes que viveram o epis\u00f3dio, al\u00e9m de documentos oficiais, panfletos, jornais alternativos e registros da repress\u00e3o.\u00a0<\/p>\n<p>\u201cEsperamos, por meio deste livro, reconstituir parcialmente os fatos e conhecer um pouco mais de perto a gera\u00e7\u00e3o 77, al\u00e9m de refletir sobre esse per\u00edodo e os atores pol\u00edticos que nele atuaram\u201d, afirmou C\u00e2ndida Lemos durante o lan\u00e7amento.<\/p>\n<p>Para a organizadora, o objetivo \u00e9 tamb\u00e9m compreender o legado pol\u00edtico e social deixado por essa gera\u00e7\u00e3o.\u00a0<\/p>\n<p>\u201cQual contribui\u00e7\u00e3o essa gera\u00e7\u00e3o teve no florescer da sociedade civil brasileira? \u00c9 o que se busca problematizar neste livro. Enfim, os intr\u00e9pidos de 77 sobem \u00e0 hist\u00f3ria. Sempre foram personagens, mas estavam ofuscados no fundo do palco\u201d, destacou.<\/p>\n<p>O livro evidencia como, em meio \u00e0 repress\u00e3o, o movimento estudantil foi um dos primeiros a desafiar o regime e a expressar, nas universidades, o desejo de redemocratiza\u00e7\u00e3o que tomaria o pa\u00eds nos anos seguintes.<\/p>\n<p>Segundo a autora C\u00e2ndida Lemos, o livro come\u00e7a a ser comercializado nesta quarta-feira (14) na Livraria Quixote, na Rua Fernandes Tourinho, 274, no bairro Savassi, em Belo Horizonte. A partir de quinta-feira (16), a obra tamb\u00e9m poder\u00e1 ser adquirida pela Amazon e em outras livrarias.<\/p>\n","protected":false},"excerpt":{"rendered":"O Diret\u00f3rio Acad\u00eamico da Faculdade de Medicina da UFMG recebeu, no dia 11 de outubro, o lan\u00e7amento do&hellip;\n","protected":false},"author":2,"featured_media":110822,"comment_status":"","ping_status":"","sticky":false,"template":"","format":"standard","meta":{"footnotes":""},"categories":[143],"tags":[169,114,115,170,32,33],"class_list":{"0":"post-110821","1":"post","2":"type-post","3":"status-publish","4":"format-standard","5":"has-post-thumbnail","7":"category-livros","8":"tag-books","9":"tag-entertainment","10":"tag-entretenimento","11":"tag-livros","12":"tag-portugal","13":"tag-pt"},"share_on_mastodon":{"url":"","error":""},"_links":{"self":[{"href":"https:\/\/www.europesays.com\/pt\/wp-json\/wp\/v2\/posts\/110821","targetHints":{"allow":["GET"]}}],"collection":[{"href":"https:\/\/www.europesays.com\/pt\/wp-json\/wp\/v2\/posts"}],"about":[{"href":"https:\/\/www.europesays.com\/pt\/wp-json\/wp\/v2\/types\/post"}],"author":[{"embeddable":true,"href":"https:\/\/www.europesays.com\/pt\/wp-json\/wp\/v2\/users\/2"}],"replies":[{"embeddable":true,"href":"https:\/\/www.europesays.com\/pt\/wp-json\/wp\/v2\/comments?post=110821"}],"version-history":[{"count":0,"href":"https:\/\/www.europesays.com\/pt\/wp-json\/wp\/v2\/posts\/110821\/revisions"}],"wp:featuredmedia":[{"embeddable":true,"href":"https:\/\/www.europesays.com\/pt\/wp-json\/wp\/v2\/media\/110822"}],"wp:attachment":[{"href":"https:\/\/www.europesays.com\/pt\/wp-json\/wp\/v2\/media?parent=110821"}],"wp:term":[{"taxonomy":"category","embeddable":true,"href":"https:\/\/www.europesays.com\/pt\/wp-json\/wp\/v2\/categories?post=110821"},{"taxonomy":"post_tag","embeddable":true,"href":"https:\/\/www.europesays.com\/pt\/wp-json\/wp\/v2\/tags?post=110821"}],"curies":[{"name":"wp","href":"https:\/\/api.w.org\/{rel}","templated":true}]}}