{"id":110825,"date":"2025-10-14T18:24:11","date_gmt":"2025-10-14T18:24:11","guid":{"rendered":"https:\/\/www.europesays.com\/pt\/110825\/"},"modified":"2025-10-14T18:24:11","modified_gmt":"2025-10-14T18:24:11","slug":"oficial-ruben-semedo-e-reforco-do-avs-ate-ao-final-da-epoca","status":"publish","type":"post","link":"https:\/\/www.europesays.com\/pt\/110825\/","title":{"rendered":"OFICIAL: R\u00faben Semedo \u00e9 refor\u00e7o do AVS at\u00e9 ao final da \u00e9poca"},"content":{"rendered":"<p>O defesa R\u00faben Semedo j\u00e1 foi confirmado oficialmente como refor\u00e7o do AVS, assinando contrato v\u00e1lido at\u00e9 ao final desta \u00e9poca.<\/p>\n<p>R\u00faben Semedo, de 31 anos, <a href=\"https:\/\/maisfutebol.iol.pt\/mercado\/avs\/ruben-semedo-ainda-e-hipotese-para-reforcar-o-avs\" target=\"_blank\" rel=\"nofollow noopener\"><strong>tal como o nosso jornal j\u00e1 tinha noticiado, era hip\u00f3tese para refor\u00e7ar os avenses<\/strong><\/a> e j\u00e1 se apresentou na Vila das Aves na segunda-feira e acabou por ser confirmado agora como refor\u00e7o.<\/p>\n<p>\u00abTodos n\u00f3s sabemos que o AVS est\u00e1 numa situa\u00e7ao complicada, mas eu gosto de desafios e a insist\u00eancia do clube e a vontade de me terem c\u00e1, tamb\u00e9m ajudou. Passei boa parte da minha carreira fora de Portugal e o meu desejo tamb\u00e9m era regressar\u00bb, destacou o central formado no Sporting de 31 anos.<\/p>\n<p>\u00abGosto deste tipo de desafios, aqueles em que quase ningu\u00e9m acredita. Nestes momentos precisamos do esp\u00edrito de equipa e da qualidade dos jogadores e isso, pelo que vi hoje no primeiro treino, temos aqui. Acho que vamos dar a volta, estou muito confiante e, se Deus quiser, teremos vit\u00f3rias e boas exibi\u00e7\u00f5es em breve\u00bb, acresvcentou.\u00a0<\/p>\n<p>O ex-Sporting, FC Porto e Rio Ave prepara-se agora para representar o seu quarto clube como s\u00e9nior em Portugal, chegando na condi\u00e7\u00e3o de jogador livre, depois de ter jogado no Al Markhiya, do Qatar, em 2024\/25.<\/p>\n<p>O central tamb\u00e9m jogou no Reus, Villarreal e Huesca em Espanha, Olympiakos na Gr\u00e9cia e, no Qatar, tamb\u00e9m jogou no Al Duhail e Al Khor. J\u00e1 foi campe\u00e3o em Portugal (FC Porto), na Gr\u00e9cia (Olympiakos, duas vezes) e no Qatar (Al Duhail).<\/p>\n<p>A equipa treinada por Jo\u00e3o Pedro Sousa ocupa o 18.\u00ba e \u00faltimo lugar da Liga portuguesa, com um ponto em oito jornadas. Come\u00e7ou a \u00e9poca com Jos\u00e9 Mota, mas j\u00e1 houve troca de treinador no decorrer de 2025\/26.<\/p>\n<p><strong>LEIA MAIS:\u00a0<a href=\"https:\/\/maisfutebol.iol.pt\/cronologia\/6373897a0cf2254fb2824fe4\" target=\"_blank\" wbo-id=\"177\" rel=\"nofollow noopener\">tudo sobre o mercado de transfer\u00eancias<\/a><\/strong><\/p>\n<blockquote class=\"instagram-media\" data-instgrm-captioned=\"\" data-instgrm-permalink=\"https:\/\/www.instagram.com\/p\/DPy1mJbiMNP\/?utm_source=ig_embed&amp;utm_campaign=loading\" data-instgrm-version=\"14\" style=\" background:#FFF; border:0; border-radius:3px; box-shadow:0 0 1px 0 rgba(0,0,0,0.5),0 1px 10px 0 rgba(0,0,0,0.15); margin: 1px; max-width:540px; min-width:326px; padding:0; width:99.375%; width:-webkit-calc(100% - 2px); width:calc(100% - 2px);\">\n<\/blockquote>\n<p>                                <script async src=\"\/\/www.instagram.com\/embed.js\"><\/script><\/p>\n","protected":false},"excerpt":{"rendered":"O defesa R\u00faben Semedo j\u00e1 foi confirmado oficialmente como refor\u00e7o do AVS, assinando contrato v\u00e1lido at\u00e9 ao final&hellip;\n","protected":false},"author":2,"featured_media":110826,"comment_status":"","ping_status":"","sticky":false,"template":"","format":"standard","meta":{"footnotes":""},"categories":[87],"tags":[10126,135,46,42,41,32,33,47,25797,25839,134,35,25838],"class_list":{"0":"post-110825","1":"post","2":"type-post","3":"status-publish","4":"format-standard","5":"has-post-thumbnail","7":"category-desporto","8":"tag-avs","9":"tag-desporto","10":"tag-maisfutebol","11":"tag-mercado","12":"tag-mercado-de-transferencias","13":"tag-portugal","14":"tag-pt","15":"tag-pura-paixao","16":"tag-ruben-semedo","17":"tag-ruben-semedo-avs","18":"tag-sports","19":"tag-transferencias","20":"tag-vila-das-aves"},"share_on_mastodon":{"url":"","error":""},"_links":{"self":[{"href":"https:\/\/www.europesays.com\/pt\/wp-json\/wp\/v2\/posts\/110825","targetHints":{"allow":["GET"]}}],"collection":[{"href":"https:\/\/www.europesays.com\/pt\/wp-json\/wp\/v2\/posts"}],"about":[{"href":"https:\/\/www.europesays.com\/pt\/wp-json\/wp\/v2\/types\/post"}],"author":[{"embeddable":true,"href":"https:\/\/www.europesays.com\/pt\/wp-json\/wp\/v2\/users\/2"}],"replies":[{"embeddable":true,"href":"https:\/\/www.europesays.com\/pt\/wp-json\/wp\/v2\/comments?post=110825"}],"version-history":[{"count":0,"href":"https:\/\/www.europesays.com\/pt\/wp-json\/wp\/v2\/posts\/110825\/revisions"}],"wp:featuredmedia":[{"embeddable":true,"href":"https:\/\/www.europesays.com\/pt\/wp-json\/wp\/v2\/media\/110826"}],"wp:attachment":[{"href":"https:\/\/www.europesays.com\/pt\/wp-json\/wp\/v2\/media?parent=110825"}],"wp:term":[{"taxonomy":"category","embeddable":true,"href":"https:\/\/www.europesays.com\/pt\/wp-json\/wp\/v2\/categories?post=110825"},{"taxonomy":"post_tag","embeddable":true,"href":"https:\/\/www.europesays.com\/pt\/wp-json\/wp\/v2\/tags?post=110825"}],"curies":[{"name":"wp","href":"https:\/\/api.w.org\/{rel}","templated":true}]}}