{"id":110833,"date":"2025-10-14T18:30:07","date_gmt":"2025-10-14T18:30:07","guid":{"rendered":"https:\/\/www.europesays.com\/pt\/110833\/"},"modified":"2025-10-14T18:30:07","modified_gmt":"2025-10-14T18:30:07","slug":"morreu-carlos-costa-professor-e-marido-de-graca-freitas","status":"publish","type":"post","link":"https:\/\/www.europesays.com\/pt\/110833\/","title":{"rendered":"Morreu Carlos Costa, professor e marido de Gra\u00e7a Freitas"},"content":{"rendered":"<p>&#8220;Ao longo do seu percurso acad\u00e9mico, o Professor Carlos Costa destacou-se pela dedica\u00e7\u00e3o ao ensino e \u00e0 forma\u00e7\u00e3o de v\u00e1rias gera\u00e7\u00f5es de administradores hospitalares, tendo igualmente exercido fun\u00e7\u00f5es como Diretor do Curso de Especializa\u00e7\u00e3o em Administra\u00e7\u00e3o Hospitalar&#8221;, escreve a institui\u00e7\u00e3o numa nota publicada online.<\/p>\n<p data-remotead-prev-elm=\"true\" data-remotead-elm-id=\"inread\">Carlos Costa integrou a institui\u00e7\u00e3o entre 1987 e 2023, foi subdiretor da ENSP NOVA, diretor do Departamento de Pol\u00edticas e Gest\u00e3o do Sistema de Sa\u00fade e membro do Conselho Cient\u00edfico da universidade.<\/p>\n<p>Para o seu reconhecimento pesou o trabalho pioneiro sobre a avalia\u00e7\u00e3o do desempenho dos hospitais, atrav\u00e9s do ranking &#8220;Avalia\u00e7\u00e3o do desempenho dos hospitais p\u00fablicos (Internamento) em Portugal Continental&#8221;.<\/p>\n<p data-remotead-prev-elm=\"true\" data-remotead-elm-id=\"centro1\">O vel\u00f3rio vai acontecer na pr\u00f3xima sexta-feira, pelas 10 horas, junto \u00e0 Igreja Nossa Senhora dos Navegantes, no Parque das Na\u00e7\u00f5es. O funeral ser\u00e1 \u00e0s 14 horas, seguindo para o cremat\u00f3rio dos Olivais.<\/p>\n","protected":false},"excerpt":{"rendered":"&#8220;Ao longo do seu percurso acad\u00e9mico, o Professor Carlos Costa destacou-se pela dedica\u00e7\u00e3o ao ensino e \u00e0 forma\u00e7\u00e3o&hellip;\n","protected":false},"author":2,"featured_media":110834,"comment_status":"","ping_status":"","sticky":false,"template":"","format":"standard","meta":{"footnotes":""},"categories":[10],"tags":[27,28,15,16,14,25,26,21,22,619,12,13,19,20,32,23,24,33,117,17,18,29,30,31],"class_list":{"0":"post-110833","1":"post","2":"type-post","3":"status-publish","4":"format-standard","5":"has-post-thumbnail","7":"category-portugal","8":"tag-breaking-news","9":"tag-breakingnews","10":"tag-featured-news","11":"tag-featurednews","12":"tag-headlines","13":"tag-latest-news","14":"tag-latestnews","15":"tag-main-news","16":"tag-mainnews","17":"tag-nacional","18":"tag-news","19":"tag-noticias","20":"tag-noticias-principais","21":"tag-noticiasprincipais","22":"tag-portugal","23":"tag-principais-noticias","24":"tag-principaisnoticias","25":"tag-pt","26":"tag-saude","27":"tag-top-stories","28":"tag-topstories","29":"tag-ultimas","30":"tag-ultimas-noticias","31":"tag-ultimasnoticias"},"share_on_mastodon":{"url":"","error":""},"_links":{"self":[{"href":"https:\/\/www.europesays.com\/pt\/wp-json\/wp\/v2\/posts\/110833","targetHints":{"allow":["GET"]}}],"collection":[{"href":"https:\/\/www.europesays.com\/pt\/wp-json\/wp\/v2\/posts"}],"about":[{"href":"https:\/\/www.europesays.com\/pt\/wp-json\/wp\/v2\/types\/post"}],"author":[{"embeddable":true,"href":"https:\/\/www.europesays.com\/pt\/wp-json\/wp\/v2\/users\/2"}],"replies":[{"embeddable":true,"href":"https:\/\/www.europesays.com\/pt\/wp-json\/wp\/v2\/comments?post=110833"}],"version-history":[{"count":0,"href":"https:\/\/www.europesays.com\/pt\/wp-json\/wp\/v2\/posts\/110833\/revisions"}],"wp:featuredmedia":[{"embeddable":true,"href":"https:\/\/www.europesays.com\/pt\/wp-json\/wp\/v2\/media\/110834"}],"wp:attachment":[{"href":"https:\/\/www.europesays.com\/pt\/wp-json\/wp\/v2\/media?parent=110833"}],"wp:term":[{"taxonomy":"category","embeddable":true,"href":"https:\/\/www.europesays.com\/pt\/wp-json\/wp\/v2\/categories?post=110833"},{"taxonomy":"post_tag","embeddable":true,"href":"https:\/\/www.europesays.com\/pt\/wp-json\/wp\/v2\/tags?post=110833"}],"curies":[{"name":"wp","href":"https:\/\/api.w.org\/{rel}","templated":true}]}}