{"id":110868,"date":"2025-10-14T18:53:08","date_gmt":"2025-10-14T18:53:08","guid":{"rendered":"https:\/\/www.europesays.com\/pt\/110868\/"},"modified":"2025-10-14T18:53:08","modified_gmt":"2025-10-14T18:53:08","slug":"arsenal-coloca-avancado-na-lista-de-vendas-ja-para-janeiro","status":"publish","type":"post","link":"https:\/\/www.europesays.com\/pt\/110868\/","title":{"rendered":"Arsenal coloca avan\u00e7ado na lista de vendas j\u00e1 para janeiro"},"content":{"rendered":"<p>&#8211; Advertisement &#8211;<\/p>\n<p><strong>Gabriel Jesus n\u00e3o entra nos planos de Mikel Arteta e o Arsenal pretende vender o brasileiro j\u00e1 no mercado de inverno.<\/strong><\/p>\n<p>O Arsenal est\u00e1 disposto a vender Gabriel Jesus j\u00e1 neste mercado de transfer\u00eancias de inverno. A informa\u00e7\u00e3o est\u00e1 a ser avan\u00e7ada pela ESPN Brasil. O jogador n\u00e3o \u00e9 a primeira op\u00e7\u00e3o para Mikel Arteta e a sua sa\u00edda do Emirates \u00e9 vista cada vez como certa.<\/p>\n<p>Gabriel Jesus tem 28 anos e termina o seu contrato em 2027. Na presente temporada n\u00e3o soma qualquer encontro com a camisola do Arsenal, emblema ao qual chegou em 2022, proveniente do <a href=\"https:\/\/bolanarede.pt\/etiqueta\/manchester-city\/\" target=\"_blank\" rel=\"noreferrer noopener nofollow\">Manchester City<\/a>, com um custo de 55 milh\u00f5es de euros.<\/p>\n<p>O valor de mercado de Gabriel Jesus \u00e9 de 32 milh\u00f5es de euros, segundo o Transfermarkt.<\/p>\n","protected":false},"excerpt":{"rendered":"&#8211; Advertisement &#8211; Gabriel Jesus n\u00e3o entra nos planos de Mikel Arteta e o Arsenal pretende vender o&hellip;\n","protected":false},"author":2,"featured_media":110869,"comment_status":"","ping_status":"","sticky":false,"template":"","format":"standard","meta":{"footnotes":""},"categories":[87],"tags":[707,260,135,2902,32,666,33,134],"class_list":{"0":"post-110868","1":"post","2":"type-post","3":"status-publish","4":"format-standard","5":"has-post-thumbnail","7":"category-desporto","8":"tag-arsenal","9":"tag-atualidade","10":"tag-desporto","11":"tag-gabriel-jesus","12":"tag-portugal","13":"tag-premier-league","14":"tag-pt","15":"tag-sports"},"share_on_mastodon":{"url":"","error":""},"_links":{"self":[{"href":"https:\/\/www.europesays.com\/pt\/wp-json\/wp\/v2\/posts\/110868","targetHints":{"allow":["GET"]}}],"collection":[{"href":"https:\/\/www.europesays.com\/pt\/wp-json\/wp\/v2\/posts"}],"about":[{"href":"https:\/\/www.europesays.com\/pt\/wp-json\/wp\/v2\/types\/post"}],"author":[{"embeddable":true,"href":"https:\/\/www.europesays.com\/pt\/wp-json\/wp\/v2\/users\/2"}],"replies":[{"embeddable":true,"href":"https:\/\/www.europesays.com\/pt\/wp-json\/wp\/v2\/comments?post=110868"}],"version-history":[{"count":0,"href":"https:\/\/www.europesays.com\/pt\/wp-json\/wp\/v2\/posts\/110868\/revisions"}],"wp:featuredmedia":[{"embeddable":true,"href":"https:\/\/www.europesays.com\/pt\/wp-json\/wp\/v2\/media\/110869"}],"wp:attachment":[{"href":"https:\/\/www.europesays.com\/pt\/wp-json\/wp\/v2\/media?parent=110868"}],"wp:term":[{"taxonomy":"category","embeddable":true,"href":"https:\/\/www.europesays.com\/pt\/wp-json\/wp\/v2\/categories?post=110868"},{"taxonomy":"post_tag","embeddable":true,"href":"https:\/\/www.europesays.com\/pt\/wp-json\/wp\/v2\/tags?post=110868"}],"curies":[{"name":"wp","href":"https:\/\/api.w.org\/{rel}","templated":true}]}}