{"id":110881,"date":"2025-10-14T19:09:16","date_gmt":"2025-10-14T19:09:16","guid":{"rendered":"https:\/\/www.europesays.com\/pt\/110881\/"},"modified":"2025-10-14T19:09:16","modified_gmt":"2025-10-14T19:09:16","slug":"epagri-lanca-livro-de-glauco-olinger-sobre-os-bastidores-da-historia-da-agropecuaria-brasileira","status":"publish","type":"post","link":"https:\/\/www.europesays.com\/pt\/110881\/","title":{"rendered":"Epagri lan\u00e7a livro de Glauco Olinger sobre os bastidores da hist\u00f3ria da agropecu\u00e1ria brasileira"},"content":{"rendered":"<p>Com 103 anos rec\u00e9m-completados, autor entregou pessoalmente a obra aos diretores da Epagri \u2013 Fotos: Divulga\u00e7\u00e3o<\/p>\n<p>A Epagri \u00e9 a editora do mais recente livro do engenheiro-agr\u00f4nomo Glauco Olinger, fundador da extens\u00e3o rural em Santa Catarina e autor de mais de trinta obras sobre agricultura, meio ambiente, pol\u00edtica agr\u00e1ria e desenvolvimento rural. A publica\u00e7\u00e3o, intitulada<strong>\u00a0<\/strong>Hist\u00f3rias mal contadas e corre\u00e7\u00f5es,<strong>\u00a0<\/strong>foi entregue pessoalmente por Glauco ao presidente da Empresa, Dirceu Leite, e demais diretores nesta segunda-feira, 13, na sede da Epagri, em Florian\u00f3polis.<\/p>\n<p>Com 103 anos rec\u00e9m-completados, Glauco revisita na obra epis\u00f3dios marcantes da hist\u00f3ria da agropecu\u00e1ria brasileira \u2014 desde a cria\u00e7\u00e3o do servi\u00e7o de extens\u00e3o rural, na d\u00e9cada de 1950, at\u00e9 a funda\u00e7\u00e3o da Embrapa, nos anos 1970. O autor relata bastidores e fatos sobre momentos decisivos do setor, destacando que sua viv\u00eancia direta nesses acontecimentos o permite oferecer uma narrativa baseada na experi\u00eancia de quem participou e ajudou a construir essa hist\u00f3ria.<\/p>\n<p>Mais do que observador, Glauco foi protagonista de transforma\u00e7\u00f5es que moldaram o desenvolvimento rural no pa\u00eds. Em suas palavras, o livro busca \u201crepor a verdade hist\u00f3rica\u201d sobre temas muitas vezes contados de forma incompleta ou imprecisa por outros autores.<\/p>\n<p><img decoding=\"async\" src=\"https:\/\/www.europesays.com\/pt\/wp-content\/uploads\/2025\/10\/livro-Glauco-2025.jpg\" alt=\"\" class=\"wp-image-10827\"\/>Para o presidente da Epagri o livro de Glauco vai al\u00e9m de um registro hist\u00f3rico: \u00e9 um legado para as futuras gera\u00e7\u00f5es<\/p>\n<p>\u201cGlauco recorda nomes, datas e detalhes de acontecimentos que marcaram sua trajet\u00f3ria e a da agricultura brasileira. Sua hist\u00f3ria se confunde com a da extens\u00e3o rural em Santa Catarina e no Brasil. Este novo trabalho \u00e9, al\u00e9m de um registro hist\u00f3rico, um legado para as futuras gera\u00e7\u00f5es. Receber este livro \u00e9 uma honra para todos n\u00f3s da Epagri\u201d, destacou o presidente da empresa, Dirceu Leite, impressionado com a lucidez e a mem\u00f3ria do autor centen\u00e1rio.<\/p>\n<p>Ao longo da carreira, Glauco Olinger foi secret\u00e1rio da Agricultura e da Educa\u00e7\u00e3o em Santa Catarina, fundador e diretor do Centro de Ci\u00eancia Agr\u00e1rias da Universidade Federal de Santa Catarina (UFSC), pr\u00f3-reitor de Planejamento da UFSC, presidente da Embrater e da Acaresc,<strong>\u00a0<\/strong>hoje Epagri. Entre suas muitas contribui\u00e7\u00f5es, destacam-se o incentivo ao cooperativismoe acria\u00e7\u00e3o da extens\u00e3o rural em Santa Catarina.<\/p>\n<p>O lan\u00e7amento do livro foi poss\u00edvel por meio do patroc\u00ednio de Alice Kuerten, presidente do Instituto Guga Kuerten. \u201cPara n\u00f3s \u00e9 um orgulho participar da obra de uma personalidade que construiu um legado para todo o Brasil\u201d, diz ela. As edi\u00e7\u00f5es impressas ser\u00e3o distribu\u00eddas para o segmento agr\u00edcola de Santa Catarina, por meio das cooperativas. A vers\u00e3o digital est\u00e1 dispon\u00edvel no <strong><a href=\"https:\/\/publicacoes.epagri.sc.gov.br\/livros\/article\/view\/2237\" target=\"_blank\" rel=\"noreferrer noopener nofollow\">site da Epagri.<\/a><\/strong><\/p>\n<p><strong>Informa\u00e7\u00f5es para a imprensa:<\/strong><strong><br \/><\/strong>Isabela Schwengber, assessora de Comunica\u00e7\u00e3o da Epagri: (48) 3665-5407\/99161-6596<\/p>\n","protected":false},"excerpt":{"rendered":"Com 103 anos rec\u00e9m-completados, autor entregou pessoalmente a obra aos diretores da Epagri \u2013 Fotos: Divulga\u00e7\u00e3o A Epagri&hellip;\n","protected":false},"author":2,"featured_media":110882,"comment_status":"","ping_status":"","sticky":false,"template":"","format":"standard","meta":{"footnotes":""},"categories":[143],"tags":[169,114,115,170,32,33],"class_list":{"0":"post-110881","1":"post","2":"type-post","3":"status-publish","4":"format-standard","5":"has-post-thumbnail","7":"category-livros","8":"tag-books","9":"tag-entertainment","10":"tag-entretenimento","11":"tag-livros","12":"tag-portugal","13":"tag-pt"},"share_on_mastodon":{"url":"","error":""},"_links":{"self":[{"href":"https:\/\/www.europesays.com\/pt\/wp-json\/wp\/v2\/posts\/110881","targetHints":{"allow":["GET"]}}],"collection":[{"href":"https:\/\/www.europesays.com\/pt\/wp-json\/wp\/v2\/posts"}],"about":[{"href":"https:\/\/www.europesays.com\/pt\/wp-json\/wp\/v2\/types\/post"}],"author":[{"embeddable":true,"href":"https:\/\/www.europesays.com\/pt\/wp-json\/wp\/v2\/users\/2"}],"replies":[{"embeddable":true,"href":"https:\/\/www.europesays.com\/pt\/wp-json\/wp\/v2\/comments?post=110881"}],"version-history":[{"count":0,"href":"https:\/\/www.europesays.com\/pt\/wp-json\/wp\/v2\/posts\/110881\/revisions"}],"wp:featuredmedia":[{"embeddable":true,"href":"https:\/\/www.europesays.com\/pt\/wp-json\/wp\/v2\/media\/110882"}],"wp:attachment":[{"href":"https:\/\/www.europesays.com\/pt\/wp-json\/wp\/v2\/media?parent=110881"}],"wp:term":[{"taxonomy":"category","embeddable":true,"href":"https:\/\/www.europesays.com\/pt\/wp-json\/wp\/v2\/categories?post=110881"},{"taxonomy":"post_tag","embeddable":true,"href":"https:\/\/www.europesays.com\/pt\/wp-json\/wp\/v2\/tags?post=110881"}],"curies":[{"name":"wp","href":"https:\/\/api.w.org\/{rel}","templated":true}]}}