{"id":110916,"date":"2025-10-14T19:47:22","date_gmt":"2025-10-14T19:47:22","guid":{"rendered":"https:\/\/www.europesays.com\/pt\/110916\/"},"modified":"2025-10-14T19:47:22","modified_gmt":"2025-10-14T19:47:22","slug":"entre-cantos-da-floresta-e-transes-espirituais","status":"publish","type":"post","link":"https:\/\/www.europesays.com\/pt\/110916\/","title":{"rendered":"Entre cantos da floresta e transes espirituais"},"content":{"rendered":"<p>Romance combina oralidade ind\u00edgena, linguagem po\u00e9tica e rigor narrativo para retratar tanto o impacto dos ente\u00f3genos na mente humana quanto a relev\u00e2ncia das cosmovis\u00f5es da floresta<\/p>\n<p><img loading=\"lazy\" decoding=\"async\" src=\"https:\/\/www.europesays.com\/pt\/wp-content\/uploads\/2025\/10\/2fvvSZLVpovgUiSaEXSmny0aWdF66XG0YFF00C6505aRv8TVN6FLAlibTynPqnYHMSUvu8qLZQnbO3HM.jpg\" width=\"122\" height=\"183\" \/>Narrado no cora\u00e7\u00e3o da Amaz\u00f4nia acreana, entre cantos da floresta e transes espirituais, A hora m\u00e1gica (<a href=\"https:\/\/www.publishnews.com.br\/etiquetas\/patua\" rel=\"nofollow noopener\" target=\"_blank\">Patu\u00e1<\/a>, 280 pp, R$ 60), de Carlos Messias, estabelece um ponto de contato entre saberes ancestrais dos povos origin\u00e1rios e a ci\u00eancia contempor\u00e2nea dos psicod\u00e9licos. O romance combina oralidade ind\u00edgena, linguagem po\u00e9tica e rigor narrativo para retratar tanto o impacto dos ente\u00f3genos na mente humana quanto a relev\u00e2ncia das cosmovis\u00f5es da floresta. Primeira obra de fic\u00e7\u00e3o brasileira a mergulhar no universo da ayahuasca e das medicinas tradicionais amaz\u00f4nicas, a narrativa acompanha Caio Bandeira, um psiquiatra em crise que encontra, em uma aldeia do povo ika yub\u00eb, caminhos para al\u00e9m da racionalidade ocidental. Guiado pelo paj\u00e9 Sibiru\u00e1, ele vivencia cantos de cura e cerim\u00f4nias xam\u00e2nicas, em meio a tens\u00f5es sociais e pol\u00edticas ligadas ao agroneg\u00f3cio, ao fundamentalismo religioso e ao crime organizado.<\/p>\n","protected":false},"excerpt":{"rendered":"Romance combina oralidade ind\u00edgena, linguagem po\u00e9tica e rigor narrativo para retratar tanto o impacto dos ente\u00f3genos na mente&hellip;\n","protected":false},"author":2,"featured_media":17657,"comment_status":"","ping_status":"","sticky":false,"template":"","format":"standard","meta":{"footnotes":""},"categories":[143],"tags":[868,877,867,169,869,872,873,880,114,115,874,870,875,878,879,864,876,237,871,170,865,866,13,32,33],"class_list":{"0":"post-110916","1":"post","2":"type-post","3":"status-publish","4":"format-standard","5":"has-post-thumbnail","7":"category-livros","8":"tag-best-seller","9":"tag-biblioteca","10":"tag-bienal-do-livro","11":"tag-books","12":"tag-clipping","13":"tag-e-book","14":"tag-ebook","15":"tag-editora","16":"tag-entertainment","17":"tag-entretenimento","18":"tag-escritor","19":"tag-eventos","20":"tag-festival-literario","21":"tag-lancamentos","22":"tag-leitura","23":"tag-literatura","24":"tag-livraria","25":"tag-livro","26":"tag-livro-digital","27":"tag-livros","28":"tag-mercado-editorial","29":"tag-mercado-livreiro","30":"tag-noticias","31":"tag-portugal","32":"tag-pt"},"share_on_mastodon":{"url":"","error":""},"_links":{"self":[{"href":"https:\/\/www.europesays.com\/pt\/wp-json\/wp\/v2\/posts\/110916","targetHints":{"allow":["GET"]}}],"collection":[{"href":"https:\/\/www.europesays.com\/pt\/wp-json\/wp\/v2\/posts"}],"about":[{"href":"https:\/\/www.europesays.com\/pt\/wp-json\/wp\/v2\/types\/post"}],"author":[{"embeddable":true,"href":"https:\/\/www.europesays.com\/pt\/wp-json\/wp\/v2\/users\/2"}],"replies":[{"embeddable":true,"href":"https:\/\/www.europesays.com\/pt\/wp-json\/wp\/v2\/comments?post=110916"}],"version-history":[{"count":0,"href":"https:\/\/www.europesays.com\/pt\/wp-json\/wp\/v2\/posts\/110916\/revisions"}],"wp:featuredmedia":[{"embeddable":true,"href":"https:\/\/www.europesays.com\/pt\/wp-json\/wp\/v2\/media\/17657"}],"wp:attachment":[{"href":"https:\/\/www.europesays.com\/pt\/wp-json\/wp\/v2\/media?parent=110916"}],"wp:term":[{"taxonomy":"category","embeddable":true,"href":"https:\/\/www.europesays.com\/pt\/wp-json\/wp\/v2\/categories?post=110916"},{"taxonomy":"post_tag","embeddable":true,"href":"https:\/\/www.europesays.com\/pt\/wp-json\/wp\/v2\/tags?post=110916"}],"curies":[{"name":"wp","href":"https:\/\/api.w.org\/{rel}","templated":true}]}}