{"id":110926,"date":"2025-10-14T19:56:15","date_gmt":"2025-10-14T19:56:15","guid":{"rendered":"https:\/\/www.europesays.com\/pt\/110926\/"},"modified":"2025-10-14T19:56:15","modified_gmt":"2025-10-14T19:56:15","slug":"de-presidente-a-prisioneiro-sarkozy-a-dias-de-se-tornar-primeiro-ex-chefe-de-estado-da-ue-a-cumprir-pena-de-prisao","status":"publish","type":"post","link":"https:\/\/www.europesays.com\/pt\/110926\/","title":{"rendered":"De Presidente a prisioneiro: Sarkozy a dias de se tornar primeiro ex-chefe de Estado da UE a cumprir pena de pris\u00e3o"},"content":{"rendered":"<p>Nicolas Sarkozy ser\u00e1 detido na ter\u00e7a-feira da pr\u00f3xima semana, 21 de outubro, na pris\u00e3o de La Sant\u00e9, em Paris. O antigo Presidente franc\u00eas foi condenado a cinco anos de pris\u00e3o no chamado \u201ccaso l\u00edbio\u201d e dever\u00e1 permanecer numa ala de seguran\u00e7a refor\u00e7ada.<\/p>\n<p>Trata-se do primeiro ex-chefe de Estado de um pa\u00eds da Uni\u00e3o Europeia a cumprir uma pena de pris\u00e3o efetiva. A informa\u00e7\u00e3o foi divulgada esta segunda-feira pela imprensa francesa.<\/p>\n<p>Segundo o jornal <a href=\"https:\/\/www.lefigaro.fr\/actualite-france\/en-direct-affaire-libyenne-nicolas-sarkozy-fixe-ce-lundi-sur-la-date-de-son-incarceration-20251013\" target=\"_blank\" rel=\"noopener noreferrer nofollow\">\u201cLe Figaro\u201d<\/a>, Sarkozy foi convocado esta segunda-feira pelo Parquet National Financier (Procuradoria Nacional Financeira) para conhecer os detalhes da sua deten\u00e7\u00e3o. O ex-Presidente chegou ao tribunal pouco antes das 14h e saiu cerca de meia hora depois, sem prestar declara\u00e7\u00f5es.<\/p>\n<p>A audi\u00eancia teve car\u00e1ter protocolar. De acordo com a ag\u00eancia de not\u00edcias AFP, serviu para avaliar o estado de sa\u00fade de Sarkozy, atualmente com 70 anos, e notific\u00e1-lo oficialmente sobre a data e o local da sua deten\u00e7\u00e3o.<\/p>\n<p>Em 25 de setembro, o Tribunal Penal de Paris condenou-o por associa\u00e7\u00e3o criminosa, considerando que membros do seu c\u00edrculo pr\u00f3ximo pediram financiamento ao regime de Muammar Kadhafi para a campanha presidencial de 2007. Apesar do recurso, a execu\u00e7\u00e3o provis\u00f3ria da pena foi determinada, dada a \u201cgravidade excecional dos atos\u201d. Fontes judiciais indicam que cumprir\u00e1 a pena numa ala de seguran\u00e7a refor\u00e7ada, com medidas especiais adequadas \u00e0 sua idade e estatuto.<\/p>\n<p>Na semana passada, Sarkozy reuniu-se com cerca de uma centena de antigos colaboradores, incluindo Emmanuel Moulin, atual secret\u00e1rio-geral do Pal\u00e1cio do Eliseu, para uma \u201cbebida de despedida\u201d. Um adeus discreto, quase simb\u00f3lico, antes de enfrentar a realidade da pris\u00e3o.<\/p>\n<p>A decis\u00e3o divide a opini\u00e3o p\u00fablica francesa. Uma sondagem divulgada no final de setembro mostrava que 61% dos inquiridos consideravam justa a deten\u00e7\u00e3o de Sarkozy, enquanto 38% a consideravam injusta.<\/p>\n","protected":false},"excerpt":{"rendered":"Nicolas Sarkozy ser\u00e1 detido na ter\u00e7a-feira da pr\u00f3xima semana, 21 de outubro, na pris\u00e3o de La Sant\u00e9, em&hellip;\n","protected":false},"author":2,"featured_media":110927,"comment_status":"","ping_status":"","sticky":false,"template":"","format":"standard","meta":{"footnotes":""},"categories":[50],"tags":[27,28,15,16,14,25,26,21,22,62,12,13,19,20,23,24,17,18,29,30,31,63,64,65],"class_list":{"0":"post-110926","1":"post","2":"type-post","3":"status-publish","4":"format-standard","5":"has-post-thumbnail","7":"category-mundo","8":"tag-breaking-news","9":"tag-breakingnews","10":"tag-featured-news","11":"tag-featurednews","12":"tag-headlines","13":"tag-latest-news","14":"tag-latestnews","15":"tag-main-news","16":"tag-mainnews","17":"tag-mundo","18":"tag-news","19":"tag-noticias","20":"tag-noticias-principais","21":"tag-noticiasprincipais","22":"tag-principais-noticias","23":"tag-principaisnoticias","24":"tag-top-stories","25":"tag-topstories","26":"tag-ultimas","27":"tag-ultimas-noticias","28":"tag-ultimasnoticias","29":"tag-world","30":"tag-world-news","31":"tag-worldnews"},"share_on_mastodon":{"url":"","error":""},"_links":{"self":[{"href":"https:\/\/www.europesays.com\/pt\/wp-json\/wp\/v2\/posts\/110926","targetHints":{"allow":["GET"]}}],"collection":[{"href":"https:\/\/www.europesays.com\/pt\/wp-json\/wp\/v2\/posts"}],"about":[{"href":"https:\/\/www.europesays.com\/pt\/wp-json\/wp\/v2\/types\/post"}],"author":[{"embeddable":true,"href":"https:\/\/www.europesays.com\/pt\/wp-json\/wp\/v2\/users\/2"}],"replies":[{"embeddable":true,"href":"https:\/\/www.europesays.com\/pt\/wp-json\/wp\/v2\/comments?post=110926"}],"version-history":[{"count":0,"href":"https:\/\/www.europesays.com\/pt\/wp-json\/wp\/v2\/posts\/110926\/revisions"}],"wp:featuredmedia":[{"embeddable":true,"href":"https:\/\/www.europesays.com\/pt\/wp-json\/wp\/v2\/media\/110927"}],"wp:attachment":[{"href":"https:\/\/www.europesays.com\/pt\/wp-json\/wp\/v2\/media?parent=110926"}],"wp:term":[{"taxonomy":"category","embeddable":true,"href":"https:\/\/www.europesays.com\/pt\/wp-json\/wp\/v2\/categories?post=110926"},{"taxonomy":"post_tag","embeddable":true,"href":"https:\/\/www.europesays.com\/pt\/wp-json\/wp\/v2\/tags?post=110926"}],"curies":[{"name":"wp","href":"https:\/\/api.w.org\/{rel}","templated":true}]}}