{"id":110935,"date":"2025-10-14T20:05:07","date_gmt":"2025-10-14T20:05:07","guid":{"rendered":"https:\/\/www.europesays.com\/pt\/110935\/"},"modified":"2025-10-14T20:05:07","modified_gmt":"2025-10-14T20:05:07","slug":"eleicoes-do-benfica-sem-voto-electronico-vieira-tem-candidatos-socios-ha-sete-meses-futebol","status":"publish","type":"post","link":"https:\/\/www.europesays.com\/pt\/110935\/","title":{"rendered":"Elei\u00e7\u00f5es do Benfica sem voto electr\u00f3nico. Vieira tem candidatos s\u00f3cios h\u00e1 sete meses | Futebol"},"content":{"rendered":"<p>As elei\u00e7\u00f5es do Benfica de 25 de Outubro n\u00e3o v\u00e3o contar com voto electr\u00f3nico, de acordo com a informa\u00e7\u00e3o avan\u00e7ada esta ter\u00e7a-feira, 14 de Outubro, pela Mesa da Assembleia Geral (MAG) do clube da Luz. No total, tr\u00eas listas, encabe\u00e7adas por Jo\u00e3o Ferreira Leite, Jo\u00e3o Diogo Manteigas e Jo\u00e3o Noronha Lopes, mostraram oposi\u00e7\u00e3o ao modelo de voto \u00e0 dist\u00e2ncia,<\/p>\n<p>&#8220;As elei\u00e7\u00f5es disputar-se-\u00e3o integralmente no modelo tradicional de voto f\u00edsico, da forma apontada no edital da sua marca\u00e7\u00e3o&#8221;, pode ler-se no comunicado divulgado no site oficial do Benfica. Os associados &#8220;encarnados&#8221; v\u00e3o poder votar em 80 sec\u00e7\u00f5es de voto espalhadas por Portugal continental (78 distribu\u00eddas por todos os distritos e duas em Lisboa), tr\u00eas regi\u00f5es aut\u00f3nomas e 25 no estrangeiro. Em Lisboa, ser\u00e3o &#8220;reservados&#8221; os dois pavilh\u00f5es junto ao Est\u00e1dio da Luz, numa opera\u00e7\u00e3o de larga escala que envolver\u00e1 cerca de 3000 pessoas. Tudo somado, v\u00e3o existir 108 sec\u00e7\u00f5es de voto a <a href=\"https:\/\/www.publico.pt\/2025\/06\/07\/desporto\/noticia\/eleicoes-benfica-marcadas-25-outubro-2135923\" rel=\"nofollow noopener\" target=\"_blank\">25 de Outubro<\/a>.<\/p>\n<p>Al\u00e9m da confirma\u00e7\u00e3o quanto \u00e0 inexist\u00eancia do voto electr\u00f3nico destas elei\u00e7\u00f5es, a MAG do Benfica adiantou ainda a composi\u00e7\u00e3o de todas as listas que concorrem \u00e0s presidenciais &#8220;encarnadas&#8221;. Uma das surpresas prende-se com a lista E, encabe\u00e7ada pelo ex-presidente <a href=\"https:\/\/www.publico.pt\/2025\/10\/03\/desporto\/entrevista\/luis-filipe-vieira-sei-quadros-benfica-diziam-rui-costa-2149363\" rel=\"nofollow noopener\" target=\"_blank\">Lu\u00eds Filipe Vieira<\/a>. Na descri\u00e7\u00e3o dos candidatos para o Conselho Fiscal, quatro dos cinco nomes avan\u00e7ados por Vieira t\u00eam numera\u00e7\u00e3o de s\u00f3cio acima dos 400 mil, uma meta que foi atingida em Fevereiro de 2025. Ou seja, estes quatro candidatos s\u00e3o s\u00f3cios do Benfica h\u00e1 apenas alguns meses, sendo tamb\u00e9m evidente a proximidade da numera\u00e7\u00e3o de alguns destes membros. Por exemplo: duas das vogais, Sofia Cardoso (s\u00f3cia 419.253) e C\u00e9lia Cust\u00f3dio (419.321) est\u00e3o separadas por menos de 100 associados.<\/p>\n<p>De acordo com os estatutos do clube, visto n\u00e3o terem ainda um ano de associado cumprido a 25 de Outubro, quatro dos cinco candidatos ao Conselho Fiscal n\u00e3o v\u00e3o poder exercer o direito de voto. V\u00e1rios adeptos <a href=\"https:\/\/www.publico.pt\/2025\/09\/29\/desporto\/noticia\/mag-benfica-regera-eleicoes-estatutos-regulamento-2021-2148983\" rel=\"nofollow noopener\" target=\"_blank\">do Benfica<\/a> usaram as redes sociais para criticar este facto, depois de a MAG enumerar as listas dos diferentes candidatos.<\/p>\n<p>Certo \u00e9 que existir\u00e1 um debate entre os candidatos \u00e0 presid\u00eancia do Benfica. O frente a frente est\u00e1 agendado para quinta-feira, dia 23 de Outubro, antev\u00e9spera das elei\u00e7\u00f5es, \u00e0s 21h30, e ter\u00e1 transmiss\u00e3o na BTV, canal oficial do clube. Al\u00e9m deste debate em grupo, a mesma esta\u00e7\u00e3o de televis\u00e3o vai entrevistar individualmente Jo\u00e3o Diogo Manteigas, Jo\u00e3o Noronha Lopes, Martim Mayer, Crist\u00f3v\u00e3o Carvalho, Rui Costa e Lu\u00eds Filipe Vieira e transmitir tempos de antena de cada um.<\/p>\n<p>Nas \u00faltimas elei\u00e7\u00f5es, <a href=\"http:\/\/Al\u00e9m do frente a frente, a BTV vai entrevistar individualmente Jo\u00e3o Diogo Manteigas, Jo\u00e3o Noronha Lopes, Martim Mayer, Crist\u00f3v\u00e3o Carvalho, Rui Costa e Lu\u00eds Filipe Vieira e transmitir tempos de antena de cada um.\" rel=\"nofollow\">Rui Costa<\/a> foi eleito presidente do Benfica com 84,48% dos votos. Lu\u00eds Filipe Vieira, ex-presidente que geriu o Benfica durante quase duas d\u00e9cadas, e Jo\u00e3o Noronha Lopes, antigo director-geral da McDonalds e candidato derrotado por Vieira em 2020, formam o &#8220;trio&#8221; favorito \u00e0 passagem \u00e0 segunda volta. Jo\u00e3o Diogo Manteigas, Crist\u00f3v\u00e3o Carvalho e Martim Mayer fecham a lista de candidatos \u00e0 presid\u00eancia &#8220;encarnada&#8221;.<\/p>\n","protected":false},"excerpt":{"rendered":"As elei\u00e7\u00f5es do Benfica de 25 de Outubro n\u00e3o v\u00e3o contar com voto electr\u00f3nico, de acordo com a&hellip;\n","protected":false},"author":2,"featured_media":110936,"comment_status":"","ping_status":"","sticky":false,"template":"","format":"standard","meta":{"footnotes":""},"categories":[87],"tags":[135,524,280,5049,542,32,33,3099,134],"class_list":{"0":"post-110935","1":"post","2":"type-post","3":"status-publish","4":"format-standard","5":"has-post-thumbnail","7":"category-desporto","8":"tag-desporto","9":"tag-futebol","10":"tag-futebol-nacional","11":"tag-luis-filipe-vieira","12":"tag-para-redes","13":"tag-portugal","14":"tag-pt","15":"tag-sl-benfica","16":"tag-sports"},"share_on_mastodon":{"url":"","error":""},"_links":{"self":[{"href":"https:\/\/www.europesays.com\/pt\/wp-json\/wp\/v2\/posts\/110935","targetHints":{"allow":["GET"]}}],"collection":[{"href":"https:\/\/www.europesays.com\/pt\/wp-json\/wp\/v2\/posts"}],"about":[{"href":"https:\/\/www.europesays.com\/pt\/wp-json\/wp\/v2\/types\/post"}],"author":[{"embeddable":true,"href":"https:\/\/www.europesays.com\/pt\/wp-json\/wp\/v2\/users\/2"}],"replies":[{"embeddable":true,"href":"https:\/\/www.europesays.com\/pt\/wp-json\/wp\/v2\/comments?post=110935"}],"version-history":[{"count":0,"href":"https:\/\/www.europesays.com\/pt\/wp-json\/wp\/v2\/posts\/110935\/revisions"}],"wp:featuredmedia":[{"embeddable":true,"href":"https:\/\/www.europesays.com\/pt\/wp-json\/wp\/v2\/media\/110936"}],"wp:attachment":[{"href":"https:\/\/www.europesays.com\/pt\/wp-json\/wp\/v2\/media?parent=110935"}],"wp:term":[{"taxonomy":"category","embeddable":true,"href":"https:\/\/www.europesays.com\/pt\/wp-json\/wp\/v2\/categories?post=110935"},{"taxonomy":"post_tag","embeddable":true,"href":"https:\/\/www.europesays.com\/pt\/wp-json\/wp\/v2\/tags?post=110935"}],"curies":[{"name":"wp","href":"https:\/\/api.w.org\/{rel}","templated":true}]}}