{"id":110957,"date":"2025-10-14T20:30:17","date_gmt":"2025-10-14T20:30:17","guid":{"rendered":"https:\/\/www.europesays.com\/pt\/110957\/"},"modified":"2025-10-14T20:30:17","modified_gmt":"2025-10-14T20:30:17","slug":"revoltado-bruno-savate-quer-entrar-na-casa-do-secret-story-e-mostra-apoio-a-dois-concorrentes-secret-story","status":"publish","type":"post","link":"https:\/\/www.europesays.com\/pt\/110957\/","title":{"rendered":"Revoltado, Bruno Savate quer entrar na casa do Secret Story e mostra apoio a dois concorrentes &#8211; Secret Story"},"content":{"rendered":"<p>                            Bruno Savate deixa farpas aos concorrentes do Secret Story 9: \u00abO grupo da treta est\u00e1 a precisar de no\u00e7\u00e3o\u00bb <\/p>\n<p data-end=\"420\" data-start=\"118\"><a href=\"https:\/\/tvi.iol.pt\/secretstory\/bruno-savate\/07-10-2025\/bruno-savate-e-fa-de-um-concorrente-do-secret-story-9-e-a-escolha-vai-surpreende-lo\" rel=\"nofollow noopener\" target=\"_blank\"><strong>Bruno Savate <\/strong><\/a>n\u00e3o ficou indiferente ao que se tem passado dentro da casa do Secret Story 9. O vencedor do Big Brother \u2013 Desafio Final\u00a0e ex-concorrente de v\u00e1rios formatos, recorreu \u00e0s redes sociais na noite desta segunda-feira, 13 de outubro, para reagir aos mais recentes acontecimentos e tecer duras cr\u00edticas a alguns participantes.<\/p>\n<p data-end=\"656\" data-start=\"422\"><strong>\u00abO grupo da treta est\u00e1 a precisar de no\u00e7\u00e3o, s\u00f3 se enterram. \u00c9 por ver este tipo de concorrentes que me d\u00e1 vontade de entrar s\u00f3 para lhes dar um cheirinho do que fazem ao Pedro e ao Leandro\u00bb<\/strong>, escreveu nas stories do Instagram.<\/p>\n<p data-end=\"878\" data-start=\"658\">O nortenho, conhecido pelo seu esp\u00edrito competitivo e frontal, aproveitou ainda para deixar uma mensagem de apoio aos dois concorrentes que considera estar a ser injusti\u00e7ados dentro do jogo: \u00abEstou convosco\u00bb, garantiu.<\/p>\n<p data-end=\"878\" data-start=\"658\"><img loading=\"lazy\" decoding=\"async\" alt=\"\" height=\"199\" src=\"https:\/\/www.europesays.com\/pt\/wp-content\/uploads\/2025\/10\/Screenshot_20251013_225508_Instagram.jpg\" width=\"114\"\/><\/p>\n<p data-end=\"878\" data-start=\"658\">\u00a0<\/p>\n","protected":false},"excerpt":{"rendered":"Bruno Savate deixa farpas aos concorrentes do Secret Story 9: \u00abO grupo da treta est\u00e1 a precisar de&hellip;\n","protected":false},"author":2,"featured_media":110958,"comment_status":"","ping_status":"","sticky":false,"template":"","format":"standard","meta":{"footnotes":""},"categories":[142],"tags":[18706,1253,114,115,18705,32,33,151,18704],"class_list":{"0":"post-110957","1":"post","2":"type-post","3":"status-publish","4":"format-standard","5":"has-post-thumbnail","7":"category-tv","8":"tag-bastidores-secret-story","9":"tag-bruno-savate","10":"tag-entertainment","11":"tag-entretenimento","12":"tag-entrevistas-concorrentes-tvi","13":"tag-portugal","14":"tag-pt","15":"tag-tv","16":"tag-vida-fora-da-casa"},"share_on_mastodon":{"url":"","error":""},"_links":{"self":[{"href":"https:\/\/www.europesays.com\/pt\/wp-json\/wp\/v2\/posts\/110957","targetHints":{"allow":["GET"]}}],"collection":[{"href":"https:\/\/www.europesays.com\/pt\/wp-json\/wp\/v2\/posts"}],"about":[{"href":"https:\/\/www.europesays.com\/pt\/wp-json\/wp\/v2\/types\/post"}],"author":[{"embeddable":true,"href":"https:\/\/www.europesays.com\/pt\/wp-json\/wp\/v2\/users\/2"}],"replies":[{"embeddable":true,"href":"https:\/\/www.europesays.com\/pt\/wp-json\/wp\/v2\/comments?post=110957"}],"version-history":[{"count":0,"href":"https:\/\/www.europesays.com\/pt\/wp-json\/wp\/v2\/posts\/110957\/revisions"}],"wp:featuredmedia":[{"embeddable":true,"href":"https:\/\/www.europesays.com\/pt\/wp-json\/wp\/v2\/media\/110958"}],"wp:attachment":[{"href":"https:\/\/www.europesays.com\/pt\/wp-json\/wp\/v2\/media?parent=110957"}],"wp:term":[{"taxonomy":"category","embeddable":true,"href":"https:\/\/www.europesays.com\/pt\/wp-json\/wp\/v2\/categories?post=110957"},{"taxonomy":"post_tag","embeddable":true,"href":"https:\/\/www.europesays.com\/pt\/wp-json\/wp\/v2\/tags?post=110957"}],"curies":[{"name":"wp","href":"https:\/\/api.w.org\/{rel}","templated":true}]}}