{"id":110986,"date":"2025-10-14T20:53:21","date_gmt":"2025-10-14T20:53:21","guid":{"rendered":"https:\/\/www.europesays.com\/pt\/110986\/"},"modified":"2025-10-14T20:53:21","modified_gmt":"2025-10-14T20:53:21","slug":"carneiro-deve-sugerir-a-bancada-do-ps-abstencao-no-orcamento-de-estado-2026-diario-de-noticias","status":"publish","type":"post","link":"https:\/\/www.europesays.com\/pt\/110986\/","title":{"rendered":"Carneiro deve sugerir \u00e0 bancada do PS absten\u00e7\u00e3o no Or\u00e7amento de Estado 2026 &#8211; Di\u00e1rio de Not\u00edcias"},"content":{"rendered":"<ol>\n<li><a href=\"https:\/\/news.google.com\/rss\/articles\/CBMipAFBVV95cUxOXzctVXJ3QWRJQjhGSF9xODl4M0ZiZlBfTkQtcU5DR0Z3OVBLSGdaQW52NVgyNVVjX3g3V3V6Ujh0VW9TaHF5U1BfS0JsU21tZ1ZzdHRiUE12T0ZYYlc4dFo5cWZqSDRUejRBWk9CU29DQjBSMnFqVmNrLTAwWUZyTlR1ZGpnRDFHZGVac3pkUW5OYVVOUjNzZFV4SFhuTlJYRkpuUw?oc=5\" target=\"_blank\" rel=\"nofollow noopener\">Carneiro deve sugerir \u00e0 bancada do PS absten\u00e7\u00e3o no Or\u00e7amento de Estado 2026<\/a>&nbsp;&nbsp;Di\u00e1rio de Not\u00edcias<\/li>\n<li><a href=\"https:\/\/news.google.com\/rss\/articles\/CBMiuAFBVV95cUxNTC16WW02cTVoMW53dENNTEZycEZZdGc0YTVENnhWc001Q2dCckFmQ2ptRF83bnV2ZElWc3JvcVZQUkl6TUk0MXplbldqaUpSWml6dXM5Nmo1VjgxQ2VSaHRjOHI0WGN4ckZqMHAyclcwcXp6OE01bF9kMXpONjlCSUR0RmlBZG9tZ2p6UHpRRnNJT3VuV0JxanotOVpLVERINXNRUWk0X1V1RXlySHpsQ0xEcG1pUjlj?oc=5\" target=\"_blank\" rel=\"nofollow noopener\">Carneiro vai propor \u00e0 Comiss\u00e3o Pol\u00edtica do PS absten\u00e7\u00e3o na generalidade<\/a>&nbsp;&nbsp;RTP<\/li>\n<li><a href=\"https:\/\/news.google.com\/rss\/articles\/CBMizwFBVV95cUxOb3lEQUp5SXpzNTZZOUtOekh4Vm1Tb01aczJJM1h1VUhkZHlIVlhhYV9IaUVkNWx0VTZLcnRCSVp5WXZINWJ1VnYxZ2VFb19LSXJsYWlJWXhkYjI4SFc4STJfTm80NmdiV3VNalUyTlNhNElxTVZVTWVGeTdyWDBBRkFieXdkanJWUVRkRXVBdFNIZHB3N051SVNJV2Q1cUY1MEVLTTEyNkRXSjJyNEdtUVFHS1ZGeERVSDZ1ZHpfeXdpcE5fWTM1c0dSTlJUSjg?oc=5\" target=\"_blank\" rel=\"nofollow noopener\">Ant\u00f3nio Costa diz que &#8220;oposi\u00e7\u00f5es deviam viabilizar o OE como mero instrumento de execu\u00e7\u00e3o obrigat\u00f3ria&#8221;<\/a>&nbsp;&nbsp;Observador<\/li>\n<li><a href=\"https:\/\/news.google.com\/rss\/articles\/CBMi2gFBVV95cUxQdThGOXdNVGg0WWJwcXBSMnVmYU5CQ2d2NnRrc0Y4TTJJVFkxNmI2SDQ1TG1XdmFvbk5Kbzhhd2lZUk1neVNVVnRTVV9qaWU4Q1ItaUhyb0RoMzhoMWNPeG5fOGcwdXNPYWRPdC1rVUZmSWtkdF9UWlJxSFFqaFh1dDhTTHZVYXZOWWl3b0E0U2hfRzVhNndBOWpTWUM4bXdKNk9SWXl5Rm9TSjl3c1R4YzFwNTJhZGtESGpCMHE2akVpV1hXaFJ0c21iWHlMWlRNcHR3YjhFVWRLQQ?oc=5\" target=\"_blank\" rel=\"nofollow noopener\">OE2026: Carneiro pela estabilidade mas insiste nos aumentos permanentes de pens\u00f5es mais baixas<\/a>&nbsp;&nbsp;Jornal de Neg\u00f3cios<\/li>\n<li><a href=\"https:\/\/news.google.com\/rss\/articles\/CBMisgFBVV95cUxNY2Q0clpQenNJNTZzanhWZnRLWjBLUi1KVVlQdzJOSVQtS2hDWDZyeWVpUFdTNEpFQWMwTkczQkJSc2xTZ3RZUFIwVEg2V3NtZDZSek8wWWFzcXN6WGVCNmk3eDFkUk15b0QyTW1TSVY1NXVYVmRROUp1UUxscUI4Mmt1MWpUak95NzRpSWRERUtyeVYtUWt5OEhlVXJXSVFUZDM3UjM1QVA1OGJGZHE3WXRR?oc=5\" target=\"_blank\" rel=\"nofollow noopener\">Comiss\u00e3o Pol\u00edtica do PS debate resultados aut\u00e1rquicos e OE2026<\/a>&nbsp;&nbsp;Not\u00edcias ao Minuto<\/li>\n<\/ol>\n","protected":false},"excerpt":{"rendered":"Carneiro deve sugerir \u00e0 bancada do PS absten\u00e7\u00e3o no Or\u00e7amento de Estado 2026&nbsp;&nbsp;Di\u00e1rio de Not\u00edcias Carneiro vai propor&hellip;\n","protected":false},"author":2,"featured_media":110987,"comment_status":"","ping_status":"","sticky":false,"template":"","format":"standard","meta":{"footnotes":""},"categories":[10],"tags":[27,28,1736,306,15,16,26290,14,2433,25,26,1447,21,22,12,13,19,20,18658,21565,15086,32,23,24,33,17,18,29,30,31,26291],"class_list":{"0":"post-110986","1":"post","2":"type-post","3":"status-publish","4":"format-standard","5":"has-post-thumbnail","7":"category-portugal","8":"tag-breaking-news","9":"tag-breakingnews","10":"tag-chega","11":"tag-edicao-impressa","12":"tag-featured-news","13":"tag-featurednews","14":"tag-grupo-parlamentar-do-ps","15":"tag-headlines","16":"tag-jose-luis-carneiro","17":"tag-latest-news","18":"tag-latestnews","19":"tag-luis-montenegro","20":"tag-main-news","21":"tag-mainnews","22":"tag-news","23":"tag-noticias","24":"tag-noticias-principais","25":"tag-noticiasprincipais","26":"tag-oe2026","27":"tag-orcamento","28":"tag-partido-socialista","29":"tag-portugal","30":"tag-principais-noticias","31":"tag-principaisnoticias","32":"tag-pt","33":"tag-top-stories","34":"tag-topstories","35":"tag-ultimas","36":"tag-ultimas-noticias","37":"tag-ultimasnoticias","38":"tag-viabilizacao"},"share_on_mastodon":{"url":"","error":""},"_links":{"self":[{"href":"https:\/\/www.europesays.com\/pt\/wp-json\/wp\/v2\/posts\/110986","targetHints":{"allow":["GET"]}}],"collection":[{"href":"https:\/\/www.europesays.com\/pt\/wp-json\/wp\/v2\/posts"}],"about":[{"href":"https:\/\/www.europesays.com\/pt\/wp-json\/wp\/v2\/types\/post"}],"author":[{"embeddable":true,"href":"https:\/\/www.europesays.com\/pt\/wp-json\/wp\/v2\/users\/2"}],"replies":[{"embeddable":true,"href":"https:\/\/www.europesays.com\/pt\/wp-json\/wp\/v2\/comments?post=110986"}],"version-history":[{"count":0,"href":"https:\/\/www.europesays.com\/pt\/wp-json\/wp\/v2\/posts\/110986\/revisions"}],"wp:featuredmedia":[{"embeddable":true,"href":"https:\/\/www.europesays.com\/pt\/wp-json\/wp\/v2\/media\/110987"}],"wp:attachment":[{"href":"https:\/\/www.europesays.com\/pt\/wp-json\/wp\/v2\/media?parent=110986"}],"wp:term":[{"taxonomy":"category","embeddable":true,"href":"https:\/\/www.europesays.com\/pt\/wp-json\/wp\/v2\/categories?post=110986"},{"taxonomy":"post_tag","embeddable":true,"href":"https:\/\/www.europesays.com\/pt\/wp-json\/wp\/v2\/tags?post=110986"}],"curies":[{"name":"wp","href":"https:\/\/api.w.org\/{rel}","templated":true}]}}